{"id":548594,"date":"2022-06-02T00:02:30","date_gmt":"2022-06-02T05:02:30","guid":{"rendered":"https:\/\/www.diarioimagen.net\/?p=548594"},"modified":"2022-06-02T01:00:13","modified_gmt":"2022-06-02T06:00:13","slug":"lopez-obrador-niega-estar-metido-en-audios-en-contra-de-alejandro-moreno","status":"publish","type":"post","link":"https:\/\/www.diarioimagen.net\/?p=548594","title":{"rendered":"L\u00f3pez Obrador niega estar metido en audios en contra de Alejandro Moreno"},"content":{"rendered":"<h2>La Retaguardia<\/h2>\n<h5>Adriana Moreno Cordero<\/h5>\n<p>&nbsp;<\/p>\n<ul>\n<li><strong><em>Con grabaciones, se violan principios de legalidad y democr\u00e1ticos<\/em><\/strong><\/li>\n<\/ul>\n<p>&nbsp;<\/p>\n<p>\u201cNo es cierto, yo no me meto en eso, nunca me he metido\u201d, respondi\u00f3 el presidente <strong>Andr\u00e9s Manuel L\u00f3pez Obrador<\/strong> cuando le preguntaron sobre el tema de las grabaciones que dio a conocer desde la sede del PRI, el dirigente nacional de ese partido, <strong>Alejandro Moreno C\u00e1rdenas,<\/strong> y que involucran por cierto al senador <strong>Manuel Velasco<\/strong>, que era -porque al parecer ya no-, compadre del ex gobernador de Campeche, gracias a una amistad entre ambos de poco m\u00e1s de 30 a\u00f1os. Ahora, el ex gobernador de Chiapas, analiza con su equipo jur\u00eddico las posibilidades de tomar acciones legales en contra de su compadre.<\/p>\n<p>Pues bien, en una de tantas interpretaciones sobre este hecho, resulta preocupante la postura asumida por esta errada y llamada Cuarta Transformaci\u00f3n, en la que desde el p\u00falpito presidencial, el gustad\u00edsimo \u201cstand-up\u201d ma\u00f1anero que el inquilino de Palacio Nacional nos dispensa de lunes a viernes, se puede apreciar c\u00f3mo se ocupa el espacio para descalificar, amenazar, injuriar, pero sobre todo, para exhibir a todo aquel que no est\u00e1 de acuerdo con la forma de gobernar del de Tepetit\u00e1n, bajo la m\u00e1xima aquella de que, quien no est\u00e9 conmigo, est\u00e1 en mi contra, que se ha acentuado en \u00e9poca electoral y la mec\u00e1nica es simple, desde Palacio Nacional, se niega la terca realidad.<\/p>\n<p>Y es que no podr\u00eda pasar desapercibida la campa\u00f1a emprendida por la Presidencia de la Rep\u00fablica, ahora a trav\u00e9s de la gobernadora de Campeche, <strong>Layda Sansores,<\/strong> y su \u201cMartes del jaguar\u201d, en contra de su antecesor y hoy presidente del Comit\u00e9 Ejecutivo Nacional del PRI, Alejandro Moreno, al subir a las \u201cex benditas redes sociales\u201d un conjunto de grabaciones obtenidas de manera ilegal, pero adem\u00e1s y de acuerdo a la Fiscal\u00eda General de la Rep\u00fablica, manipuladas, en contra del ex gobernador.<\/p>\n<p>Aqu\u00ed el problema es que el golpazo que la se\u00f1ora Sansores San Rom\u00e1n le propin\u00f3 a su antecesor, sobre todo con aquella demoledora frase -editada o no- de que a los reporteros se les mata de hambre, tuvo tal impacto, que al parecer ya nada ni nadie se lo quitar\u00e1 y ah\u00ed est\u00e1 el riesgo.<\/p>\n<p>No obstante, lamentablemente para el inquilino de Palacio Nacional, las cosas no le han salido tan bien como \u00e9l quisiera, ya que ante los ataques emprendidos en contra de \u201cAlito\u201d a partir de que \u00e9l y su bancada en la C\u00e1mara de Diputados se negaran a aprobar la reforma el\u00e9ctrica, el dirigente nacional del PRI ha buscado la manera de defenderse y esto lo llev\u00f3 apenas hace unos par de d\u00edas al exhibir una llamada sostenida entre \u00e9l y el senador Manuel Velasco.<\/p>\n<p>Conforme a lo escuchado hace dos d\u00edas, la llamada del ex gobernador de Chiapas, deja en claro la velada amenaza que se hace desde la Secretar\u00eda de Gobernaci\u00f3n, a cargo de <strong>Ad\u00e1n Augusto L\u00f3pez<\/strong>, en contra de Moreno C\u00e1rdenas, pudiendo ser la exhibici\u00f3n de estos audios presuntamente manipulados, el inicio de una embestida emprendida a quienes no se sujetan a los caprichos del Presidente.<\/p>\n<p>En este sentido, pareciera ser obvio que\u00a0 estas acciones violan dos principios, el primero de legalidad, al exhibir audios obtenidos de manera ilegal y presuntamente manipulados y el segundo, el democr\u00e1tico, al impedir la libre determinaci\u00f3n de las personas, en este caso los legisladores en el sentido la aprobaci\u00f3n de iniciativas que repercuten en la vida de esta Naci\u00f3n.<\/p>\n<p style=\"text-align: center;\"><strong>Municiones<\/strong><\/p>\n<p>*** El Banco de M\u00e9xico dio a conocer su estimaci\u00f3n de crecimiento econ\u00f3mico prev\u00e9 ahora un crecimiento del Producto Interno Bruto (PIB) del pa\u00eds de entre 1.6 y 2.8 por ciento en 2022, con una estimaci\u00f3n central de 2.2 por ciento, menor al 2.4 por ciento proyectado anteriormente. Adem\u00e1s, Banxico prev\u00e9 que la inflaci\u00f3n general anual contin\u00fae aumentando en 2022.<\/p>\n<p>*** Cuando todas las miradas estaban atentas a cu\u00e1l ser\u00eda la suerte del gobernador de Tamaulipas, <strong>Francisco Javier Garc\u00eda Cabeza de Vaca<\/strong>, la Suprema Corte de Justicia de la Naci\u00f3n, pospuso el an\u00e1lisis de su situaci\u00f3n jur\u00eddica y probable desafuero hasta despu\u00e9s de las elecciones de este ya muy pr\u00f3ximo domingo, lo que parece ser lo m\u00e1s recomendable.<\/p>\n<p>*** La pregunta de la semana: \u00bfEn verdad cree el Presidente que su libro \u201cA mitad del camino\u201d genere alguna ganancia?, y si de eso piensa vivir el tabasque\u00f1o una vez que deje la Presidencia de la Rep\u00fablica en 2024, pues ya estuvo que tendr\u00e1 que pasarse al comercio informal o vivir de lo mucho que ilegalmente han acumulado sus hijos durante su sexenio, o qui\u00e9n sabe qu\u00e9 pasar\u00e1.<\/p>\n<p>*** El diputado local por el PAN, <strong>Federico D\u00f6ring<\/strong>, cuestion\u00f3 que la jefa de Gobierno de la Ciudad de M\u00e9xico, <strong>Claudia Sheinbaum<\/strong>, haga uso de las oficinas del gobierno capitalino, como b\u00fanker pol\u00edtico y no para atender las causas de la capital.\u00a0Esto sucedi\u00f3 luego de la foto difundida por la mandataria, junto con actores pol\u00edticos de Morena en el Estado de M\u00e9xico, como la secretaria de Educaci\u00f3n P\u00fablica, <strong>Delfina G\u00f3mez<\/strong> y el senador <strong>Higinio Mart\u00ednez<\/strong> y <strong>Horacio Duarte<\/strong>. El legislador panista lament\u00f3 que \u201cen los ratos libres\u201d de la se\u00f1ora Sheinbaum, exista pasarela pol\u00edtica en su oficina.\u00a0Bueno, qu\u00e9 desconsiderado el diputado D\u00f6ring, que no ve que le urge a la jefa del Gobierno de la CDMX hacer campa\u00f1a de cara al 2024, como buena \u201ccorcholata\u201d que es, de L\u00f3pez Obrador. Record\u00f3 el diputado panista que en otras ocasiones, la jefa de Gobierno ha posteado im\u00e1genes en sus redes sociales con candidatos, figuras activas de Morena y presidentes municipales de otras entidades del pa\u00eds, sin un contexto que acredite el beneficio a la CDMX.<\/p>\n<p>***\u00a0 En una presentaci\u00f3n ante especialistas de <strong>M\u00e9xico Justo AC.org<\/strong>, se dieron a conocer los resultados de la edici\u00f3n 2021-2022 del <strong>\u00cdndice de Estado de Derecho en M\u00e9xico 2021-2022<\/strong>, elaborado por <em>World Justice Project,<\/em> en los que se muestra un deterioro en materia de Estado de Derecho en gran parte de las entidades del pa\u00eds, as\u00ed como un evidente estancamiento en los niveles de Ausencia de Corrupci\u00f3n.\u00a0 La edici\u00f3n de este a\u00f1o de dicho \u00cdndice, revela que fueron m\u00e1s los estados que mostraron retrocesos que aquellos que presentaron avances, lo que contrasta con los patrones observados en las ediciones anteriores. Estos resultados, establece dicho estudio, se explican fundamentalmente por tres tendencias: el debilitamiento de los contrapesos institucionales a los gobiernos estatales y una contracci\u00f3n del espacio c\u00edvico, el deterioro en los sistemas de justicia penal y finalmente, la falta de avances en materia de anticorrupci\u00f3n, explicaron las investigadoras del WJP, <strong>Er\u00e9ndira Gonz\u00e1lez<\/strong> y <strong>Estefany Caudillo<\/strong>.<\/p>\n<p><u><a href=\"mailto:morcora@gmail.com\" target=\"_blank\" rel=\"noopener noreferrer\"><em>morcora@gmail.com<\/em><\/a><\/u><\/p>\n","protected":false},"excerpt":{"rendered":"<p><span style=\"color: #005497;\"><strong>Adriana Moreno Cordero<\/strong><\/span><\/p>\n","protected":false},"author":3,"featured_media":0,"comment_status":"open","ping_status":"open","sticky":false,"template":"","format":"standard","meta":{"_monsterinsights_skip_tracking":false,"_monsterinsights_sitenote_active":false,"_monsterinsights_sitenote_note":"","_monsterinsights_sitenote_category":0,"footnotes":""},"categories":[69370],"tags":[69369,69368,43674],"class_list":["post-548594","post","type-post","status-publish","format-standard","hentry","category-adriana-moreno-cordero","tag-adriana-moreno-cordero","tag-la-retaguardia","tag-opinion"],"_links":{"self":[{"href":"https:\/\/www.diarioimagen.net\/index.php?rest_route=\/wp\/v2\/posts\/548594","targetHints":{"allow":["GET"]}}],"collection":[{"href":"https:\/\/www.diarioimagen.net\/index.php?rest_route=\/wp\/v2\/posts"}],"about":[{"href":"https:\/\/www.diarioimagen.net\/index.php?rest_route=\/wp\/v2\/types\/post"}],"author":[{"embeddable":true,"href":"https:\/\/www.diarioimagen.net\/index.php?rest_route=\/wp\/v2\/users\/3"}],"replies":[{"embeddable":true,"href":"https:\/\/www.diarioimagen.net\/index.php?rest_route=%2Fwp%2Fv2%2Fcomments&post=548594"}],"version-history":[{"count":0,"href":"https:\/\/www.diarioimagen.net\/index.php?rest_route=\/wp\/v2\/posts\/548594\/revisions"}],"wp:attachment":[{"href":"https:\/\/www.diarioimagen.net\/index.php?rest_route=%2Fwp%2Fv2%2Fmedia&parent=548594"}],"wp:term":[{"taxonomy":"category","embeddable":true,"href":"https:\/\/www.diarioimagen.net\/index.php?rest_route=%2Fwp%2Fv2%2Fcategories&post=548594"},{"taxonomy":"post_tag","embeddable":true,"href":"https:\/\/www.diarioimagen.net\/index.php?rest_route=%2Fwp%2Fv2%2Ftags&post=548594"}],"curies":[{"name":"wp","href":"https:\/\/api.w.org\/{rel}","templated":true}]}}