{"id":548619,"date":"2022-06-02T00:09:33","date_gmt":"2022-06-02T05:09:33","guid":{"rendered":"https:\/\/www.diarioimagen.net\/?p=548619"},"modified":"2022-06-15T00:27:12","modified_gmt":"2022-06-15T05:27:12","slug":"a-la-calle-miles-de-psicopatas-asesinos","status":"publish","type":"post","link":"https:\/\/www.diarioimagen.net\/?p=548619","title":{"rendered":"A la calle, miles de psic\u00f3patas asesinos"},"content":{"rendered":"<h2>Poder y dinero<\/h2>\n<h5>V\u00edctor S\u00e1nchez Ba\u00f1os<\/h5>\n<p>&nbsp;<\/p>\n<ul>\n<li><em><strong>Abandono criminal del gobierno<\/strong><\/em><\/li>\n<li><em><strong>Les niegan el derecho a ser felices<\/strong><\/em><\/li>\n<li><em><strong>Enfermiza pol\u00edtica de austeridad<\/strong><\/em><\/li>\n<li><em><strong>Tambi\u00e9n tienen derechos humanos<\/strong><\/em><\/li>\n<li><em><strong>Los rechazan hasta sus familias<\/strong><\/em><\/li>\n<li><em><strong>Carencia de m\u00e9dicos psiquiatras y psic\u00f3logos en M\u00e9xico<\/strong><\/em><\/li>\n<li><em><strong>Un infierno que viven en las mentes<\/strong><\/em><\/li>\n<li><em><strong>Ahora, nadie los atender\u00e1<\/strong><\/em><\/li>\n<li><em><strong>El IECDMX se reduce<\/strong><\/em><\/li>\n<li><em><strong>Lo decidi\u00f3 Morena para amarrarles las manos en los comicios de 2024<\/strong><\/em><\/li>\n<li><em><strong>Tec de Monterrey<\/strong><\/em><\/li>\n<\/ul>\n<p>&nbsp;<\/p>\n<p style=\"text-align: right;\"><em>Cuando se colabora con un loco o se comentan sus man\u00edas, se cae en la locura<br \/>\n<\/em><strong>Antonio Gala<\/strong> (1930-), dramaturgo, poeta y novelista espa\u00f1ol<\/p>\n<p>&nbsp;<\/p>\n<p>En el inicio de mi carrera period\u00edstica, me pidi\u00f3 el jefe de redacci\u00f3n de <em>Revista de Revistas<\/em>, en aquel entonces, Hero Rodr\u00edguez Newman, que realizara un reportaje que le propuse, sobre enfermedades mentales. <em>Revista de Revistas<\/em> era una gran publicaci\u00f3n semanal de <em>Exc\u00e9lsior<\/em>.<\/p>\n<p>Recorr\u00ed hospitales psiqui\u00e1tricos como el Fray Bernardino \u00c1lvarez, as\u00ed como otros dos que estaban localizados en la salida a Puebla, el Samuel Ram\u00edrez, y a Pachuca, que se llama Villa Ocaranza.<\/p>\n<p>Ese reportaje me impact\u00f3 en lo personal, ya que vi un mundo que existe y que todo mundo pretende no darse cuenta de lo devastador que ocurre en la mente de los seres humanos enfermos. Un infierno para ellos y sus familias.<\/p>\n<p>Son padecimientos que nadie se da cuenta de lo profundo del da\u00f1o; no hay heridas y, muchas veces, no se percata nadie, ni el enfermo, del nivel de crisis que viven.<\/p>\n<p>Bueno, esto te lo platico debido a que el gobierno de Andr\u00e9s Manuel L\u00f3pez Obrador tom\u00f3 la decisi\u00f3n de desaparecer los hospitales y enviar a sus casas a los enfermos mentales, bajo la supuesta premisa que la libertad es primero.<\/p>\n<p>Pero, el toque demag\u00f3gico aflora en la reforma al art\u00edculo 72, que publica en el DOF: \u201cLa salud mental y la prevenci\u00f3n de las adicciones tendr\u00e1n car\u00e1cter prioritario dentro de las pol\u00edticas de salud y deber\u00e1n brindarse conforme a lo establecido en la Constituci\u00f3n y en los tratados internacionales en materia de derechos humanos. El Estado garantizar\u00e1 el acceso universal, igualitario y equitativo a la atenci\u00f3n de la salud mental y de las adicciones a las personas en el territorio nacional\u201d.<\/p>\n<p>Pero, en el feudo de Hugo L\u00f3pez-Gatell, ya que su jefe, Jorge Alcocer, es un florero de la Secretar\u00eda de Salud, no entienden que las enfermedades mentales no s\u00f3lo son derivadas de las adicciones, sino por otro tipo de or\u00edgenes.<\/p>\n<p>Mete conceptos que no aclaran si hay delitos en la salud p\u00fablica o privada, en la atenci\u00f3n en psiqui\u00e1tricos. Pero dice que la poblaci\u00f3n tiene derecho a no ser sometido a tratamientos irreversibles o que modifiquen la integridad de la persona; Tambi\u00e9n tienen derecho a ser tratado y atendido en su comunidad o lo m\u00e1s cerca posible al lugar en donde habiten sus familiares o amigos.<\/p>\n<p>Seg\u00fan informaci\u00f3n que proporciona el gobierno de M\u00e9xico, los trastornos mentales afectan a 15 millones de mexicanos, pero s\u00f3lo el 3% pide ayuda m\u00e9dica. Alrededor de 25% de la poblaci\u00f3n mexicana presenta alg\u00fan problema de salud mental.<\/p>\n<p>Destacan la depresi\u00f3n, bipolaridad y esquizofrenia como los m\u00e1s comunes. Sin embargo, hay otros padecimientos que se convierten en peligrosos. Algunos han cometido asesinatos graves. En los hospitales que visit\u00e9 en mi juventud profesional, los enfermos \u201cpeligrosos\u201d estaban en zonas aisladas, ya que eran peligrosos para sus familias y para la sociedad en general. Era una c\u00e1rcel.<\/p>\n<p>El paso de enfermos mentales por hospitales, busca que los especialistas buscan que las personas con trastornos mentales tengan una recuperaci\u00f3n funcional fuera del hospital, ya que de esta manera se integran a su entorno social y mejoran positivamente su tratamiento.<\/p>\n<p>Sin embargo, el trato de los enfermos mentales, en hospitales p\u00fablicos es deplorable y humillante; miserable, pues. Pero tenerlos en la calle, ser\u00e1n abandonados a su suerte. Si los llevan a psiquiatras, las familias no tienen c\u00f3mo pagarles. Adem\u00e1s, s\u00f3lo hay 4,400 psiquiatras en el pa\u00eds. Uno de los niveles m\u00e1s bajos del planeta.<\/p>\n<p>Pero, ahora pretende el gobierno que est\u00e9 peor. Eso, en aras de ahorrar dinero. Lo importante es gastar en campa\u00f1as pol\u00edticas y no en la soluci\u00f3n del dolor y la infelicidad de los mexicanos. AMLO dice que este es un gobierno humanista. M\u00e1s bien no es humanista es monetarista. Est\u00e1n m\u00e1s enfocados en la acumulaci\u00f3n de riqueza para la clase pol\u00edtica en el poder.<\/p>\n<p style=\"text-align: center;\"><strong>PODEROSOS CABALLEROS<\/strong><\/p>\n<p><strong>REFORMA ELECTORAL DE LA CDMX, CON MENTIRAS:<\/strong> El gobierno de la Ciudad de M\u00e9xico, que encabeza Claudia Sheinbaum, impuls\u00f3 una reforma de reestructuraci\u00f3n del Instituto Electoral local. Lo medular del caso es que disminuyeron el presupuesto, el n\u00famero de plazas y, por si fuera poco, el margen de acci\u00f3n para promover las elecciones en 2024. La presidenta Patricia Avenda\u00f1o Dur\u00e1n, antes de la aprobaci\u00f3n de esas reformas, guard\u00f3 silencio. Ahora menciona que nunca acordaron ninguna reestructuraci\u00f3n y s\u00f3lo pidieron a legisladores de Morena, que lo subieran hasta septiembre. Eso no cambiar\u00eda lo esencial del contenido. Lo hecho, ya no podr\u00e1 cambiar.<\/p>\n<p style=\"text-align: center;\"><strong>RESPONSABILIDAD SOCIAL CORPORATIVA<\/strong><\/p>\n<p><strong>TEC DE MONTERREY:<\/strong> Tec de Monterrey presenta su tercer Informe de Transparencia 2021: avances y retos. El Informe refleja el compromiso institucional de formar una sociedad m\u00e1s emp\u00e1tica, incluyente y que respete las diferencias de todas y todos sus integrantes. Se public\u00f3 el Plan de Igualdad de G\u00e9nero 2021-2025, a trav\u00e9s del Comit\u00e9 Impulsa, creado en 2018 para incrementar el n\u00famero de mujeres en posiciones de liderazgo. En 2021, se atendieron 74 reportes que decidieron activar el Protocolo de Actuaci\u00f3n para la Prevenci\u00f3n y Atenci\u00f3n de la Violencia de G\u00e9nero.<\/p>\n<p><em><a href=\"mailto:vsb@poderydinero.mx\" target=\"_blank\" rel=\"noopener noreferrer\">vsb@poderydinero.mx<\/a><\/em><br \/>\n<em><a href=\"https:\/\/twitter.com\/vsanchezbanos\" target=\"_blank\" rel=\"noopener noreferrer\">@vsanchezbanos<br \/>\n<\/a><\/em><em><a href=\"http:\/\/poderydinero.mx\/\" target=\"_blank\" rel=\"noopener\">poderydinero.mx<\/a><\/em><\/p>\n","protected":false},"excerpt":{"rendered":"<p><span style=\"color: #005497;\"><strong>V\u00edctor S\u00e1nchez Ba\u00f1os<\/strong><\/span><\/p>\n","protected":false},"author":3,"featured_media":0,"comment_status":"open","ping_status":"open","sticky":false,"template":"","format":"standard","meta":{"_monsterinsights_skip_tracking":false,"_monsterinsights_sitenote_active":false,"_monsterinsights_sitenote_note":"","_monsterinsights_sitenote_category":0,"footnotes":""},"categories":[38844],"tags":[43674,38847,38848],"class_list":["post-548619","post","type-post","status-publish","format-standard","hentry","category-victor-sanchez-banos","tag-opinion","tag-poder-y-dinero","tag-victor-sanchez-banos"],"_links":{"self":[{"href":"https:\/\/www.diarioimagen.net\/index.php?rest_route=\/wp\/v2\/posts\/548619","targetHints":{"allow":["GET"]}}],"collection":[{"href":"https:\/\/www.diarioimagen.net\/index.php?rest_route=\/wp\/v2\/posts"}],"about":[{"href":"https:\/\/www.diarioimagen.net\/index.php?rest_route=\/wp\/v2\/types\/post"}],"author":[{"embeddable":true,"href":"https:\/\/www.diarioimagen.net\/index.php?rest_route=\/wp\/v2\/users\/3"}],"replies":[{"embeddable":true,"href":"https:\/\/www.diarioimagen.net\/index.php?rest_route=%2Fwp%2Fv2%2Fcomments&post=548619"}],"version-history":[{"count":0,"href":"https:\/\/www.diarioimagen.net\/index.php?rest_route=\/wp\/v2\/posts\/548619\/revisions"}],"wp:attachment":[{"href":"https:\/\/www.diarioimagen.net\/index.php?rest_route=%2Fwp%2Fv2%2Fmedia&parent=548619"}],"wp:term":[{"taxonomy":"category","embeddable":true,"href":"https:\/\/www.diarioimagen.net\/index.php?rest_route=%2Fwp%2Fv2%2Fcategories&post=548619"},{"taxonomy":"post_tag","embeddable":true,"href":"https:\/\/www.diarioimagen.net\/index.php?rest_route=%2Fwp%2Fv2%2Ftags&post=548619"}],"curies":[{"name":"wp","href":"https:\/\/api.w.org\/{rel}","templated":true}]}}