{"id":548686,"date":"2022-06-03T00:05:47","date_gmt":"2022-06-03T05:05:47","guid":{"rendered":"https:\/\/www.diarioimagen.net\/?p=548686"},"modified":"2022-06-05T23:03:14","modified_gmt":"2022-06-06T04:03:14","slug":"experto-de-la-uaemex-hace-llamado-a-preservar-la-calma-ante-la-viruela-simica","status":"publish","type":"post","link":"https:\/\/www.diarioimagen.net\/?p=548686","title":{"rendered":"Experto de la UAEM\u00e9x hace llamado a preservar la calma ante la viruela s\u00edmica"},"content":{"rendered":"<p><em>\u00a0<\/em><\/p>\n<ul>\n<li><strong><em>Miguel \u00c1ngel Karam Calder\u00f3n, epidemi\u00f3logo de la Facultad de Medicina de la Aut\u00f3noma mexiquense, mencion\u00f3 que para prevenir la propagaci\u00f3n de contagios por viruela de mono es necesario continuar con el lavado frecuente de manos, mantener la sana distancia y el uso frecuente de cubrebocas<\/em><\/strong><\/li>\n<\/ul>\n<p><strong>\u00a0<\/strong><\/p>\n<div id=\"attachment_548759\" style=\"width: 470px\" class=\"wp-caption aligncenter\"><img loading=\"lazy\" decoding=\"async\" aria-describedby=\"caption-attachment-548759\" class=\"size-full wp-image-548759\" src=\"https:\/\/www.diarioimagen.net\/wp-content\/uploads\/2022\/06\/uaem-3.jpg\" alt=\"\" width=\"460\" height=\"270\" \/><p id=\"caption-attachment-548759\" class=\"wp-caption-text\">El epidemi\u00f3logo enfatiz\u00f3 que para que una enfermedad sea considerada como pandemia existen varios factores que se deben tomar en cuenta como el nivel de contagiosidad.<\/p><\/div>\n<p>&nbsp;<\/p>\n<p><strong>Toluca, Estado de M\u00e9xico.\u2014 <\/strong>Ante la llegada del primer caso de viruela s\u00edmica a M\u00e9xico, el epidemi\u00f3logo de la Facultad de Medicina de la Universidad Aut\u00f3noma del Estado de M\u00e9xico (UAEM\u00e9x), Miguel \u00c1ngel Karam Calder\u00f3n, llam\u00f3 a la poblaci\u00f3n a preservar la calma y continuar con las medidas de salud preventivas como el lavado frecuente de manos o la aplicaci\u00f3n de gel antibacterial, mantener la sana distancia y el uso frecuente de cubrebocas.<\/p>\n<p>Karam Calder\u00f3n explic\u00f3 que el virus causante de esta enfermedad es transmitido de los animales a las personas y que produce s\u00edntomas parecidos a los de la viruela convencional. \u201cUna de las cuestiones que cabe recalcar es que la transmisi\u00f3n de animales a humanos se puede dar por contacto directo, por sangre, por mucosas o por l\u00edquidos corporales debido a alguna lesi\u00f3n que se tenga\u201d abund\u00f3.<\/p>\n<p>De acuerdo con la Organizaci\u00f3n Mundial de la Salud (OMS) est\u00e1 enfermedad v\u00edrica es considerada menos grave que la viruela convencional. Esta causa erupciones y lesiones cut\u00e1neas que forman ampollas y costras en el cuerpo, la cual tiene una duraci\u00f3n de dos a cuatro semanas. La tambi\u00e9n conocida como viruela de mono, no es una enfermedad de transmisi\u00f3n sexual, sin embargo, puede contagiarse por contacto \u00edntimo cuando alguien tiene una infecci\u00f3n activa.<\/p>\n<p>El epidemi\u00f3logo enfatiz\u00f3 que para que una enfermedad sea considerada como pandemia existen varios factores que se deben tomar en cuenta como el nivel de contagiosidad, el nivel de severidad, los factores ambientales y el n\u00famero de habitantes. Adem\u00e1s, se prev\u00e9 que este padecimiento se convierta en una enfermedad end\u00e9mica, la cual se presenta de manera peri\u00f3dica, como ocurri\u00f3 con la influenza o la COVID-19.<\/p>\n<p>Karam Calder\u00f3n mencion\u00f3 que es necesario estar alerta para prevenir la propagaci\u00f3n de contagios e invit\u00f3 al p\u00fablico en general a informarse debidamente, consultando fuentes primarias de informaci\u00f3n de instituciones oficiales o acad\u00e9micas como la Secretar\u00eda de Salud Federal o de la Organizaci\u00f3n Panamericana de la Salud.<\/p>\n","protected":false},"excerpt":{"rendered":"<p>Ante la llegada del primer caso de viruela s\u00edmica a M\u00e9xico, el epidemi\u00f3logo de la Facultad de Medicina de la Universidad Aut\u00f3noma del Estado de M\u00e9xico (UAEM\u00e9x), Miguel \u00c1ngel Karam Calder\u00f3n, llam\u00f3 a la poblaci\u00f3n a preservar la calma y continuar con las medidas de salud preventivas como el lavado frecuente de manos o la aplicaci\u00f3n de gel antibacterial, mantener la sana distancia y el uso frecuente de cubrebocas<\/p>\n","protected":false},"author":3,"featured_media":548759,"comment_status":"open","ping_status":"open","sticky":false,"template":"","format":"standard","meta":{"_monsterinsights_skip_tracking":false,"_monsterinsights_sitenote_active":false,"_monsterinsights_sitenote_note":"","_monsterinsights_sitenote_category":0,"footnotes":""},"categories":[5],"tags":[43675,452,67878,95609],"class_list":["post-548686","post","type-post","status-publish","format-standard","has-post-thumbnail","hentry","category-estado-de-mexico","tag-estado-de-mexico","tag-toluca","tag-uaemex","tag-viruela-simica"],"_links":{"self":[{"href":"https:\/\/www.diarioimagen.net\/index.php?rest_route=\/wp\/v2\/posts\/548686","targetHints":{"allow":["GET"]}}],"collection":[{"href":"https:\/\/www.diarioimagen.net\/index.php?rest_route=\/wp\/v2\/posts"}],"about":[{"href":"https:\/\/www.diarioimagen.net\/index.php?rest_route=\/wp\/v2\/types\/post"}],"author":[{"embeddable":true,"href":"https:\/\/www.diarioimagen.net\/index.php?rest_route=\/wp\/v2\/users\/3"}],"replies":[{"embeddable":true,"href":"https:\/\/www.diarioimagen.net\/index.php?rest_route=%2Fwp%2Fv2%2Fcomments&post=548686"}],"version-history":[{"count":0,"href":"https:\/\/www.diarioimagen.net\/index.php?rest_route=\/wp\/v2\/posts\/548686\/revisions"}],"wp:featuredmedia":[{"embeddable":true,"href":"https:\/\/www.diarioimagen.net\/index.php?rest_route=\/wp\/v2\/media\/548759"}],"wp:attachment":[{"href":"https:\/\/www.diarioimagen.net\/index.php?rest_route=%2Fwp%2Fv2%2Fmedia&parent=548686"}],"wp:term":[{"taxonomy":"category","embeddable":true,"href":"https:\/\/www.diarioimagen.net\/index.php?rest_route=%2Fwp%2Fv2%2Fcategories&post=548686"},{"taxonomy":"post_tag","embeddable":true,"href":"https:\/\/www.diarioimagen.net\/index.php?rest_route=%2Fwp%2Fv2%2Ftags&post=548686"}],"curies":[{"name":"wp","href":"https:\/\/api.w.org\/{rel}","templated":true}]}}