{"id":548700,"date":"2022-06-03T00:01:02","date_gmt":"2022-06-03T05:01:02","guid":{"rendered":"https:\/\/www.diarioimagen.net\/?p=548700"},"modified":"2022-06-03T04:02:21","modified_gmt":"2022-06-03T09:02:21","slug":"bloqueos-de-transportistas-asfixian-a-la-ciudad-de-mexico-exigen-alza-de-tarifa","status":"publish","type":"post","link":"https:\/\/www.diarioimagen.net\/?p=548700","title":{"rendered":"Bloqueos de transportistas \u201casfixian\u201d a la Ciudad de M\u00e9xico; exigen alza de tarifa"},"content":{"rendered":"<p>&nbsp;<\/p>\n<h3 style=\"text-align: center;\">Afectados, miles de usuarios y automovilistas<\/h3>\n<p>&nbsp;<\/p>\n<ul>\n<li><strong><em>Manifestantes culpan al gobierno capitalino de no cumplir sus promesas<\/em><\/strong><\/li>\n<\/ul>\n<p>&nbsp;<\/p>\n<div id=\"attachment_548807\" style=\"width: 470px\" class=\"wp-caption aligncenter\"><img loading=\"lazy\" decoding=\"async\" aria-describedby=\"caption-attachment-548807\" class=\"size-full wp-image-548807\" src=\"https:\/\/www.diarioimagen.net\/wp-content\/uploads\/2022\/06\/TRANSPORTISTAS-BLOQUEO.jpg\" alt=\"\" width=\"460\" height=\"270\" \/><p id=\"caption-attachment-548807\" class=\"wp-caption-text\">Choferes del transporte p\u00fablico concesionado bloquearon por varias horas los principales puntos de la Ciudad de M\u00e9xico en demanda de un alza a sus tarifas.<\/p><\/div>\n<p>&nbsp;<\/p>\n<p>Integrantes de la Fuerza Ampl\u00eda de Transportistas (FAT) cumplieron su amenaza y bloquearon desde las 7 de la ma\u00f1ana de este jueves\u00a0 importantes vialidades de la Ciudad de M\u00e9xico, en demanda de un incremento de 3 pesos a la tarifa del transporte p\u00fablico concesionado, cuyo costo es actualmente de cinco pesos, el m\u00e1s bajo del pa\u00eds.<\/p>\n<p>Los puntos m\u00e1s importantes a donde la FAT llev\u00f3 a cabo los bloqueos fueron: Ignacio Zaragoza, a la altura del Metro Guelatao, Constituyentes y Reforma, Doctor G\u00e1lvez en Insurgentes Sur, frente al paradero de Indios Verdes en Insurgentes Norte, Taxque\u00f1a y Miramontes, en Perif\u00e9rico y Tl\u00e1huac y en el Metro Mart\u00edn Carrera, afectando a miles de usuarios.<\/p>\n<p>En la movilizaci\u00f3n de transportistas participaron entre 2 mil 500 y 3 mil conductores, propietarios de las unidades y familiares de los transportes que son autobuses, microbuses, vagonetas y socios de empresas del Metrob\u00fas.<\/p>\n<p>Los dirigentes del FAT encabezaron los bloqueos en varios de los puntos donde se mantuvo la protesta, por al menos 7 horas.<\/p>\n<p>Con el apoyo de una gr\u00faa y dovelas, los transportistas bloquearon a las 7:35 horas el paso vehicular en Indios Verdes con direcci\u00f3n sur, lo que ha provocado largas filas de automovilistas quienes solicitaban paso sin que los manifestantes cedieran.<\/p>\n<p>El servicio de Metrob\u00fas qued\u00f3 suspendido, luego de que a una unidad se le impidi\u00f3 continuar su camino y los pasajeros tuvieron que descender en el carril de extrema izquierda. Las l\u00edneas 1, 7 y 6 de Metrob\u00fas estuvieron fuera de servicio, \u201cdando servicio \u00fanicamente el Metro\u201d, inform\u00f3 personal de Gobierno desplegado en el paradero de Indios Verdes.<\/p>\n<p>Usuarios del transporte p\u00fablico concesionado proveniente del Estado de M\u00e9xico tuvo que bajar de las unidades en las que viajaban desde el puente que baja al paradero, para ingresar al Metro, donde se inici\u00f3 con la dosificaci\u00f3n, ante el incremento de la demanda de servicio.<\/p>\n<p>La gente que viajaba hacia el norte de dicha avenida tambi\u00e9n qued\u00f3 atorada ante la presencia de manifestantes.<\/p>\n<p>Ciudadanos que tuvieron que caminar m\u00e1s de medio kil\u00f3metro de distancia, de acuerdo con lo que se\u00f1alaron, les exigieron con palabras altisonantes retiraran el bloqueo y \u201cmejor mejoraran el servicio, que cada d\u00eda es peor e inseguro. D\u00e9jense de tantas payasadas, pende\u2026, cuando ustedes si est\u00e1n tragando y uno tiene que ver c\u00f3mo llegar al trabajo por su culpa\u201d.<\/p>\n<p>En la zona \u00fanicamente los motociclistas lograban pasar el bloqueo.<\/p>\n<p>En los momentos de mayor afluencia de veh\u00edculos y demanda de transporte, un grupo de microbuseros impidi\u00f3 el paso de veh\u00edculos en el cruce de Miramontes y Taxque\u00f1a, adem\u00e1s coloc\u00f3 una unidad, lo que dificult\u00f3 la circulaci\u00f3n.<\/p>\n<p>Apenas pasaron algunos minutos del cierre y la saturaci\u00f3n de las avenidas Taxque\u00f1a y Miramontes fue inmediata, los conductores tomaron algunas alternativas, sin embargo, la movilidad se complic\u00f3.<\/p>\n<p>Simult\u00e1neamente, el cruce de la avenida Tl\u00e1huac y Perif\u00e9rico fue cerrado a la circulaci\u00f3n, con pancartas los microbuseros exigen se atiendan sus demandas, para evitar afectaci\u00f3n a la ciudadan\u00eda.<\/p>\n<p>Transportistas se mantuvieron tambi\u00e9n en el cruce de Eje 5 Norte, Congreso de la Uni\u00f3n y Ferrocarril Hidalgo, donde decenas de veh\u00edculos quedaron varados por el bloqueo y cientos de usuarios del transporte p\u00fablico, como si fuera peregrinaci\u00f3n, caminan o corren hacia la estaci\u00f3n del Metro del mismo nombre.<\/p>\n<p>Con mantas donde se lee: \u201cPor culpa del Gobierno de la CDMX al no cumplir los acuerdos nos orillaron a este movimiento\u201d, los manifestantes ofrecieron una disculpa a la ciudadan\u00eda afectada.<\/p>\n<p>Otro bloqueo m\u00e1s se report\u00f3 en Deportivo Xochimilco, Muyuguarda y Divisi\u00f3n del Norte, donde se empiezan a ver personas caminando en busca de y alternativas para llegar al trabajo y escuelas.<\/p>\n<p style=\"text-align: center;\"><strong>La tarifa real ser\u00eda de 13.50 pesos<\/strong><\/p>\n<p>El precio de una tarifa t\u00e9cnica hoy, considerando los precios de los insumos, de las unidades ser\u00eda de un m\u00ednimo de 13.50 pesos, indic\u00f3, Nicol\u00e1s V\u00e1zquez.<\/p>\n<p>Insisti\u00f3 en que el gobierno de la CDMX deb\u00eda salir \u201ca dar una soluci\u00f3n definitiva sobre la promesa que hicieron sus funcionarios los d\u00edas 6 y 22 de abril despu\u00e9s de tres a\u00f1os de di\u00e1logo, mejor salieron en una rueda de prensa a decirle a la ciudadan\u00eda que los vamos a molestar y que har\u00e1n un operativo para darles alternativas para llegar a sus destinos\u201d.<\/p>\n<p>Los bloqueos tuvieron impacto en Perif\u00e9rico y Tl\u00e1huac, Constituyentes y Reforma, Avenida Zaragoza donde decenas de automovilistas enfrentaron la obstaculizaron de las vialidades y decenas de usuarios del transport\u00e9 p\u00fablico buscaron alternativas de traslado.<\/p>\n<p style=\"text-align: center;\"><strong>Usuarios del Metro colapsan L\u00ednea A<\/strong><\/p>\n<p>El bloqueo de transportistas en distintas vialidades de la ciudad gener\u00f3 un incremento del 100% en el n\u00famero de usuarios de la L\u00ednea A del Metro, que va de Pantitl\u00e1n a la Paz, en Calzada Ignacio Zaragoza, y de 25 a 30% en el resto de las l\u00edneas, inform\u00f3 el Sistema de Transporte Colectivo (STC).<\/p>\n<p>Ante ello el Metro exhort\u00f3 a los usuarios a seguir una serie de acciones con la finalidad de contribuir a que el servicio de trenes se realice de forma r\u00e1pida y segura: permitir el libre cierre de puertas al subir o bajar de los vagones, as\u00ed como esperar el tren en las \u00e1reas delimitadas para el ascenso y permitir el descenso de los usuarios que vienen en el vag\u00f3n.<\/p>\n<p>En caso de llevar mochilas o bolsos, colocarlos en el pecho.<\/p>\n<p>Sostener de forma correcta art\u00edculos personales al permanecer en la zona de andenes de arribo de los trenes, con la finalidad de evitar la ca\u00edda de objetos a las v\u00edas.<\/p>\n<p>Acatar las medidas de dosificaci\u00f3n y encauzamiento de usuarios que se realizan en transbordos y zonas de correspondencia, as\u00ed como las indicaciones del personal de seguridad asignado a las estaciones.<\/p>\n","protected":false},"excerpt":{"rendered":"<p>Integrantes de la Fuerza Ampl\u00eda de Transportistas (FAT) cumplieron su amenaza y bloquearon desde las 7 de la ma\u00f1ana de este jueves\u00a0 importantes vialidades de la Ciudad de M\u00e9xico, en demanda de un incremento de 3 pesos a la tarifa del transporte p\u00fablico concesionado, cuyo costo es actualmente de cinco pesos, el m\u00e1s bajo del pa\u00eds.<\/p>\n","protected":false},"author":3,"featured_media":548807,"comment_status":"open","ping_status":"open","sticky":false,"template":"","format":"standard","meta":{"_monsterinsights_skip_tracking":false,"_monsterinsights_sitenote_active":false,"_monsterinsights_sitenote_note":"","_monsterinsights_sitenote_category":0,"footnotes":""},"categories":[6],"tags":[4639,48610,204,163,13614,12963,73308],"class_list":["post-548700","post","type-post","status-publish","format-standard","has-post-thumbnail","hentry","category-cd-de-mexico","tag-bloqueos","tag-casos","tag-ciudad-de-mexico","tag-metro","tag-tarifa","tag-transportistas","tag-vial"],"_links":{"self":[{"href":"https:\/\/www.diarioimagen.net\/index.php?rest_route=\/wp\/v2\/posts\/548700","targetHints":{"allow":["GET"]}}],"collection":[{"href":"https:\/\/www.diarioimagen.net\/index.php?rest_route=\/wp\/v2\/posts"}],"about":[{"href":"https:\/\/www.diarioimagen.net\/index.php?rest_route=\/wp\/v2\/types\/post"}],"author":[{"embeddable":true,"href":"https:\/\/www.diarioimagen.net\/index.php?rest_route=\/wp\/v2\/users\/3"}],"replies":[{"embeddable":true,"href":"https:\/\/www.diarioimagen.net\/index.php?rest_route=%2Fwp%2Fv2%2Fcomments&post=548700"}],"version-history":[{"count":0,"href":"https:\/\/www.diarioimagen.net\/index.php?rest_route=\/wp\/v2\/posts\/548700\/revisions"}],"wp:featuredmedia":[{"embeddable":true,"href":"https:\/\/www.diarioimagen.net\/index.php?rest_route=\/wp\/v2\/media\/548807"}],"wp:attachment":[{"href":"https:\/\/www.diarioimagen.net\/index.php?rest_route=%2Fwp%2Fv2%2Fmedia&parent=548700"}],"wp:term":[{"taxonomy":"category","embeddable":true,"href":"https:\/\/www.diarioimagen.net\/index.php?rest_route=%2Fwp%2Fv2%2Fcategories&post=548700"},{"taxonomy":"post_tag","embeddable":true,"href":"https:\/\/www.diarioimagen.net\/index.php?rest_route=%2Fwp%2Fv2%2Ftags&post=548700"}],"curies":[{"name":"wp","href":"https:\/\/api.w.org\/{rel}","templated":true}]}}