{"id":548710,"date":"2022-06-03T00:01:42","date_gmt":"2022-06-03T05:01:42","guid":{"rendered":"https:\/\/www.diarioimagen.net\/?p=548710"},"modified":"2022-06-03T03:56:41","modified_gmt":"2022-06-03T08:56:41","slug":"llama-el-dirigente-del-pri-del-estado-de-mexico-eric-sevilla-a-miembros-del-suteym-a-jalar-parejo","status":"publish","type":"post","link":"https:\/\/www.diarioimagen.net\/?p=548710","title":{"rendered":"Llama el dirigente del PRI del Estado de M\u00e9xico, Eric Sevilla, a miembros del SUTEyM a jalar parejo"},"content":{"rendered":"<p>&nbsp;<\/p>\n<ul>\n<li><strong><em>\u201cPara salvar al pa\u00eds de un desastre\u201d<\/em><\/strong><\/li>\n<\/ul>\n<p>&nbsp;<\/p>\n<h6>Arturo Baena<\/h6>\n<p>&nbsp;<\/p>\n<div id=\"attachment_548801\" style=\"width: 470px\" class=\"wp-caption aligncenter\"><img loading=\"lazy\" decoding=\"async\" aria-describedby=\"caption-attachment-548801\" class=\"size-full wp-image-548801\" src=\"https:\/\/www.diarioimagen.net\/wp-content\/uploads\/2022\/06\/llama-dirigente.jpg\" alt=\"\" width=\"460\" height=\"270\" \/><p id=\"caption-attachment-548801\" class=\"wp-caption-text\">Eric Sevilla, presidente estatal del PRI, llam\u00f3 a integrantes del Comit\u00e9 Ejecutivo Estatal del SUTEyM, encabezados por Herminio Cahue Calder\u00f3n, a jalar parejo.<\/p><\/div>\n<p>&nbsp;<\/p>\n<p><strong>Valle de M\u00e9xico.\u2014<\/strong> Durante un encuentro con bur\u00f3cratas afiliados al Suteym, el pri\u00edsmo del Estado de M\u00e9xico est\u00e1 llamado a \u201cjalar parejo\u201d para salvar al pa\u00eds del desastre en el que est\u00e1 inmerso por un gobierno federal que carece de rumbo.<\/p>\n<p>Eric Sevilla, presidente estatal del PRI, se\u00f1al\u00f3 lo anterior, ante integrantes del Comit\u00e9 Ejecutivo Estatal (CEE) del Sindicato \u00danico de Trabajadores del Estado y, Municipios (SUTEyM), encabezados por su dirigente Herminio Cahue Calder\u00f3n.<\/p>\n<p>En el encuentro con los l\u00edderes suteymistas, convoc\u00f3 a emprender en unidad esta cruzada, junto con el partido, para salvar a M\u00e9xico y \u201cresponder a la pr\u00f3xima generaci\u00f3n y entregarle un pa\u00eds en paz, porque le queremos dar futuro a nuestros hijos\u201d.<\/p>\n<p>Este es un llamado revolucionario para tomar las armas de la palabra, resalt\u00f3 Eric Sevilla, al tiempo de destacar que \u201clleg\u00f3 la hora, estamos a prueba todos; aqu\u00ed le ponemos un alto a los de cuarta. Este es el estado diferente y aqu\u00ed el pr\u00f3ximo a\u00f1o va a gobernar un priista\u201d.<\/p>\n<p>\u201cEstamos al borde de una dictadura, ustedes lo saben, vengo a hacerles da\u00f1o un llamado serio para que se sumen con su liderazgo a esta cruzada\u201d, les dijo, tras referir que en el PRI sobran hombres y mujeres para pelear por la naci\u00f3n.<\/p>\n<p>Resalt\u00f3 que el pr\u00f3ximo a\u00f1o \u201cvamos, s\u00ed, a una de las grandes batallas que va a tener el Estado de M\u00e9xico, pero no es solo por una gubernatura: vamos a ganar patria, vamos a construir proyecto de naci\u00f3n porque si le ponemos un alto a Morena aqu\u00ed, ya hay proyecto para el 2024\u201d, enfatiz\u00f3.<\/p>\n<p>El dirigente priista dijo a los secretarios suteymistas que su llamado a unirse a esta cruzada es serio y respetuoso, porque en las circunstancias actuales del pa\u00eds \u201cno hay paso a la simulaci\u00f3n\u201d. M\u00e9xico, en casi cuatro a\u00f1os, est\u00e1 sin ruta, sin una br\u00fajula. \u201cNos est\u00e1n mandando al precipicio\u201d, concluy\u00f3.<\/p>\n<p>&nbsp;<\/p>\n","protected":false},"excerpt":{"rendered":"<p>Durante un encuentro con bur\u00f3cratas afiliados al Suteym, el pri\u00edsmo del Estado de M\u00e9xico est\u00e1 llamado a \u201cjalar parejo\u201d para salvar al pa\u00eds del desastre en el que est\u00e1 inmerso por un gobierno federal que carece de rumbo.<\/p>\n","protected":false},"author":3,"featured_media":548801,"comment_status":"open","ping_status":"open","sticky":false,"template":"","format":"standard","meta":{"_monsterinsights_skip_tracking":false,"_monsterinsights_sitenote_active":false,"_monsterinsights_sitenote_note":"","_monsterinsights_sitenote_category":0,"footnotes":""},"categories":[5],"tags":[66569,2572,34],"class_list":["post-548710","post","type-post","status-publish","format-standard","has-post-thumbnail","hentry","category-estado-de-mexico","tag-dirigente","tag-suteym","tag-valle-de-mexico"],"_links":{"self":[{"href":"https:\/\/www.diarioimagen.net\/index.php?rest_route=\/wp\/v2\/posts\/548710","targetHints":{"allow":["GET"]}}],"collection":[{"href":"https:\/\/www.diarioimagen.net\/index.php?rest_route=\/wp\/v2\/posts"}],"about":[{"href":"https:\/\/www.diarioimagen.net\/index.php?rest_route=\/wp\/v2\/types\/post"}],"author":[{"embeddable":true,"href":"https:\/\/www.diarioimagen.net\/index.php?rest_route=\/wp\/v2\/users\/3"}],"replies":[{"embeddable":true,"href":"https:\/\/www.diarioimagen.net\/index.php?rest_route=%2Fwp%2Fv2%2Fcomments&post=548710"}],"version-history":[{"count":0,"href":"https:\/\/www.diarioimagen.net\/index.php?rest_route=\/wp\/v2\/posts\/548710\/revisions"}],"wp:featuredmedia":[{"embeddable":true,"href":"https:\/\/www.diarioimagen.net\/index.php?rest_route=\/wp\/v2\/media\/548801"}],"wp:attachment":[{"href":"https:\/\/www.diarioimagen.net\/index.php?rest_route=%2Fwp%2Fv2%2Fmedia&parent=548710"}],"wp:term":[{"taxonomy":"category","embeddable":true,"href":"https:\/\/www.diarioimagen.net\/index.php?rest_route=%2Fwp%2Fv2%2Fcategories&post=548710"},{"taxonomy":"post_tag","embeddable":true,"href":"https:\/\/www.diarioimagen.net\/index.php?rest_route=%2Fwp%2Fv2%2Ftags&post=548710"}],"curies":[{"name":"wp","href":"https:\/\/api.w.org\/{rel}","templated":true}]}}