{"id":548712,"date":"2022-06-03T00:04:12","date_gmt":"2022-06-03T05:04:12","guid":{"rendered":"https:\/\/www.diarioimagen.net\/?p=548712"},"modified":"2022-06-03T03:56:47","modified_gmt":"2022-06-03T08:56:47","slug":"realiza-el-alcalde-de-tlalnepantla-cambios-en-su-gabinete","status":"publish","type":"post","link":"https:\/\/www.diarioimagen.net\/?p=548712","title":{"rendered":"Realiza el alcalde de Tlalnepantla cambios en su gabinete"},"content":{"rendered":"<p>&nbsp;<\/p>\n<p><img loading=\"lazy\" decoding=\"async\" class=\"aligncenter size-full wp-image-548798\" src=\"https:\/\/www.diarioimagen.net\/wp-content\/uploads\/2022\/06\/realiza-el-alcalde.jpg\" alt=\"\" width=\"460\" height=\"270\" \/><\/p>\n<p>&nbsp;<\/p>\n<p><strong>Tlalnepantla, Estado de M\u00e9xico.\u2014<\/strong> El Cabildo de esta localidad aprob\u00f3 por unanimidad el nombramiento de los nuevos titulares de la Tesorer\u00eda Municipal, Contralor\u00eda Interna, Promoci\u00f3n Econ\u00f3mica y del Instituto Municipal de Educaci\u00f3n, ajustes que se realizan con el objetivo de fortalecer las respectivas \u00e1reas.<\/p>\n<p>En el marco de la Tercera Sesi\u00f3n Extraordinaria, el Alcalde de Tlalnepantla, Marco Antonio Rodr\u00edguez Hurtado, tom\u00f3 protesta a Ricardo Contreras Vel\u00e1zquez, como Tesorero Municipal; Eduardo Efra\u00edn Benhumea Macedo, como Contralor Interno; Rodrigo Ortiz Camacho, como Director de Promoci\u00f3n Econ\u00f3mica; y a Alina Alejandra Luna G\u00f3mez, como titular del Instituto de Educaci\u00f3n, a quienes exhort\u00f3 a desempe\u00f1arse de manera profesional y con plena transparencia, en favor de la poblaci\u00f3n de Tlalnepantla.<\/p>\n","protected":false},"excerpt":{"rendered":"<p>El Cabildo de esta localidad aprob\u00f3 por unanimidad el nombramiento de los nuevos titulares de la Tesorer\u00eda Municipal, Contralor\u00eda Interna, Promoci\u00f3n Econ\u00f3mica y del Instituto Municipal de Educaci\u00f3n, ajustes que se realizan con el objetivo de fortalecer las respectivas \u00e1reas.<\/p>\n","protected":false},"author":3,"featured_media":548798,"comment_status":"open","ping_status":"open","sticky":false,"template":"","format":"standard","meta":{"_monsterinsights_skip_tracking":false,"_monsterinsights_sitenote_active":false,"_monsterinsights_sitenote_note":"","_monsterinsights_sitenote_category":0,"footnotes":""},"categories":[5],"tags":[33741,43675,19988,169],"class_list":["post-548712","post","type-post","status-publish","format-standard","has-post-thumbnail","hentry","category-estado-de-mexico","tag-cambio","tag-estado-de-mexico","tag-gabinete","tag-tlalnepantla"],"_links":{"self":[{"href":"https:\/\/www.diarioimagen.net\/index.php?rest_route=\/wp\/v2\/posts\/548712","targetHints":{"allow":["GET"]}}],"collection":[{"href":"https:\/\/www.diarioimagen.net\/index.php?rest_route=\/wp\/v2\/posts"}],"about":[{"href":"https:\/\/www.diarioimagen.net\/index.php?rest_route=\/wp\/v2\/types\/post"}],"author":[{"embeddable":true,"href":"https:\/\/www.diarioimagen.net\/index.php?rest_route=\/wp\/v2\/users\/3"}],"replies":[{"embeddable":true,"href":"https:\/\/www.diarioimagen.net\/index.php?rest_route=%2Fwp%2Fv2%2Fcomments&post=548712"}],"version-history":[{"count":0,"href":"https:\/\/www.diarioimagen.net\/index.php?rest_route=\/wp\/v2\/posts\/548712\/revisions"}],"wp:featuredmedia":[{"embeddable":true,"href":"https:\/\/www.diarioimagen.net\/index.php?rest_route=\/wp\/v2\/media\/548798"}],"wp:attachment":[{"href":"https:\/\/www.diarioimagen.net\/index.php?rest_route=%2Fwp%2Fv2%2Fmedia&parent=548712"}],"wp:term":[{"taxonomy":"category","embeddable":true,"href":"https:\/\/www.diarioimagen.net\/index.php?rest_route=%2Fwp%2Fv2%2Fcategories&post=548712"},{"taxonomy":"post_tag","embeddable":true,"href":"https:\/\/www.diarioimagen.net\/index.php?rest_route=%2Fwp%2Fv2%2Ftags&post=548712"}],"curies":[{"name":"wp","href":"https:\/\/api.w.org\/{rel}","templated":true}]}}