{"id":548851,"date":"2022-06-06T00:01:15","date_gmt":"2022-06-06T05:01:15","guid":{"rendered":"https:\/\/www.diarioimagen.net\/?p=548851"},"modified":"2022-06-07T02:20:26","modified_gmt":"2022-06-07T07:20:26","slug":"pruebas-de-paternidad-practicadas-por-el-incifo-ciento-por-ciento-certeras","status":"publish","type":"post","link":"https:\/\/www.diarioimagen.net\/?p=548851","title":{"rendered":"Pruebas de paternidad practicadas por el Incifo, ciento por ciento certeras"},"content":{"rendered":"<p>&nbsp;<\/p>\n<ul>\n<li><strong><em>As\u00ed lo expres\u00f3 la jueza 10\u00ba de Proceso Oral en Materia Familiar, Mar\u00eda Elena Arregu\u00edn Cardel, al hablar de aspectos de los juicios de filiaci\u00f3n que se resuelven en el PJCDMX<\/em><\/strong><\/li>\n<\/ul>\n<p>&nbsp;<\/p>\n<div id=\"attachment_548932\" style=\"width: 470px\" class=\"wp-caption aligncenter\"><img loading=\"lazy\" decoding=\"async\" aria-describedby=\"caption-attachment-548932\" class=\"size-full wp-image-548932\" src=\"https:\/\/www.diarioimagen.net\/wp-content\/uploads\/2022\/06\/tribunal-incifo.jpg\" alt=\"\" width=\"460\" height=\"270\" \/><p id=\"caption-attachment-548932\" class=\"wp-caption-text\">Las controversias de filiaci\u00f3n, record\u00f3, tienen que ver con el derecho de los individuos a la identidad como derecho humano que permite el pleno desarrollo de la personalidad.<\/p><\/div>\n<p>&nbsp;<\/p>\n<p>Es la prueba de ADN la que dar\u00e1 la soluci\u00f3n a una controversia de paternidad con una confiabilidad de cien por ciento, afirm\u00f3 la jueza 10\u00ba de Proceso Oral en Materia Familiar del Poder Judicial de la Ciudad de M\u00e9xico (PJCDMX), Mar\u00eda Elena Arregu\u00edn Cardel, quien subray\u00f3 que ese examen es practicado por peritos del Instituto de Servicios Periciales y Ciencias Forenses (Incifo), dependiente del \u00f3rgano judicial capitalino.<\/p>\n<p>Al hablar sobre los juicios de filiaci\u00f3n, record\u00f3 que el PJCDMX resuelve este tipo de controversias a trav\u00e9s de 10 juzgados del Proceso Oral en Materia Familiar, y se refiri\u00f3 a los asuntos que conocen los titulares de esos \u00f3rganos jurisdiccionales en los que no hay un reconocimiento voluntario de la relaci\u00f3n filial entre un padre un hijo o hijos.<\/p>\n<p>Record\u00f3 que ese tipo de controversias tienen que ver con el derecho de los individuos a la identidad como derecho humano que permite el pleno desarrollo de la personalidad, y el cual es de car\u00e1cter imprescriptible.<\/p>\n<p>Ante el caso de que un padre se niegue al reconocimiento de un hijo, enfatiz\u00f3 Arregu\u00edn Cardel, la madre puede recurrir ante los juzgados familiares de proceso oral con el reclamo al padre precisamente de ese reconocimiento, cuyo inicio de la demanda reviste la formalidad de presentar un escrito inicial.<\/p>\n<p>Coment\u00f3 que, si bien se trata de un procedimiento preponderantemente oral, al igual que la parte que demanda deber\u00e1 presentar un escrito inicial en el que incluya los medios de prueba correspondientes, el demandado tendr\u00e1 que dar contestaci\u00f3n, tambi\u00e9n por escrito, en un t\u00e9rmino de nueve d\u00edas a partir de que fue notificado.<\/p>\n<p>El demandado, abund\u00f3 la impartidora de justicia, en su escrito de contestaci\u00f3n deber\u00e1 hacer valer la postura procesal que asuma, que va desde la negaci\u00f3n de la paternidad, dejar abierta la posibilidad de que \u00e9sta sea real, o bien acept\u00e1ndola, lo que dar\u00eda paso a lo que se conoce como allanamiento.<\/p>\n<p>Explic\u00f3 que, en el escenario del allanamiento, se tiene que manifestar ante el juez esa expresi\u00f3n de reconocimiento, y que debe tratarse de un acto voluntario, libre, espont\u00e1neo y sin presiones, el cual, no obstante, tambi\u00e9n en ocasiones se puede hacer a trav\u00e9s del representante legal acreditado, lo cual da paso de manera inmediata el dictado de sentencia.<\/p>\n<p>La jueza detall\u00f3 que, para materializar este derecho de la persona reconocida, se ordena al Registro Civil la expedici\u00f3n de una nueva que deber\u00e1 incluir a aquel que reconoce la paternidad, e incluso record\u00f3 que la legislaci\u00f3n en la materia permite invertir el orden de los apellidos.<\/p>\n<p>Una vez reconocida la paternidad, continu\u00f3, se generan deberes y obligaciones, tales como la provisi\u00f3n de los alimentos, que engloban todos los satisfactores que requiere la persona reconocida para tener un buen desarrollo y una vida digna, entre \u00e9stos, comida, salud, educaci\u00f3n y esparcimiento, los cuales pueden reclamarse de manera retroactiva.<\/p>\n<p>Arregu\u00edn Cardel coment\u00f3 que, en el caso del no reconocimiento de la paternidad o de la duda de la misma, se ordena un estudio de ADN al Incifo, cuya confiabilidad es de cien por ciento, por lo que recomend\u00f3 confiar en los resultados, ya que no dejan lugar a dudas.<\/p>\n","protected":false},"excerpt":{"rendered":"<p>Es la prueba de ADN la que dar\u00e1 la soluci\u00f3n a una controversia de paternidad con una confiabilidad de cien por ciento, afirm\u00f3 la jueza 10\u00ba de Proceso Oral en Materia Familiar del Poder Judicial de la Ciudad de M\u00e9xico (PJCDMX), Mar\u00eda Elena Arregu\u00edn Cardel, quien subray\u00f3 que ese examen es practicado por peritos del Instituto de Servicios Periciales y Ciencias Forenses (Incifo), dependiente del \u00f3rgano judicial capitalino.<\/p>\n","protected":false},"author":3,"featured_media":548932,"comment_status":"open","ping_status":"open","sticky":false,"template":"","format":"standard","meta":{"_monsterinsights_skip_tracking":false,"_monsterinsights_sitenote_active":false,"_monsterinsights_sitenote_note":"","_monsterinsights_sitenote_category":0,"footnotes":""},"categories":[6],"tags":[95627,66677,95628,87379],"class_list":["post-548851","post","type-post","status-publish","format-standard","has-post-thumbnail","hentry","category-cd-de-mexico","tag-certeras","tag-incifo","tag-paternidad","tag-pjcdmx"],"_links":{"self":[{"href":"https:\/\/www.diarioimagen.net\/index.php?rest_route=\/wp\/v2\/posts\/548851","targetHints":{"allow":["GET"]}}],"collection":[{"href":"https:\/\/www.diarioimagen.net\/index.php?rest_route=\/wp\/v2\/posts"}],"about":[{"href":"https:\/\/www.diarioimagen.net\/index.php?rest_route=\/wp\/v2\/types\/post"}],"author":[{"embeddable":true,"href":"https:\/\/www.diarioimagen.net\/index.php?rest_route=\/wp\/v2\/users\/3"}],"replies":[{"embeddable":true,"href":"https:\/\/www.diarioimagen.net\/index.php?rest_route=%2Fwp%2Fv2%2Fcomments&post=548851"}],"version-history":[{"count":0,"href":"https:\/\/www.diarioimagen.net\/index.php?rest_route=\/wp\/v2\/posts\/548851\/revisions"}],"wp:featuredmedia":[{"embeddable":true,"href":"https:\/\/www.diarioimagen.net\/index.php?rest_route=\/wp\/v2\/media\/548932"}],"wp:attachment":[{"href":"https:\/\/www.diarioimagen.net\/index.php?rest_route=%2Fwp%2Fv2%2Fmedia&parent=548851"}],"wp:term":[{"taxonomy":"category","embeddable":true,"href":"https:\/\/www.diarioimagen.net\/index.php?rest_route=%2Fwp%2Fv2%2Fcategories&post=548851"},{"taxonomy":"post_tag","embeddable":true,"href":"https:\/\/www.diarioimagen.net\/index.php?rest_route=%2Fwp%2Fv2%2Ftags&post=548851"}],"curies":[{"name":"wp","href":"https:\/\/api.w.org\/{rel}","templated":true}]}}