{"id":548857,"date":"2022-06-06T00:05:32","date_gmt":"2022-06-06T05:05:32","guid":{"rendered":"https:\/\/www.diarioimagen.net\/?p=548857"},"modified":"2022-06-06T03:22:22","modified_gmt":"2022-06-06T08:22:22","slug":"con-la-muestra-incisiones-graficas-la-uaemex-muestra-la-creatividad-de-grabadores-mexiquenses","status":"publish","type":"post","link":"https:\/\/www.diarioimagen.net\/?p=548857","title":{"rendered":"Con la muestra \u201cIncisiones gr\u00e1ficas\u201d, la UAEM\u00e9x muestra la creatividad de grabadores mexiquenses"},"content":{"rendered":"<p><em>\u00a0<\/em><\/p>\n<ul>\n<li><strong><em>En el Centro Cultural Universitario \u201cCasa de las Diligencias\u201d se inaugur\u00f3 la exposici\u00f3n colectiva de 18 artistas mexiquenses que demuestran su creatividad<\/em><\/strong><\/li>\n<\/ul>\n<p>&nbsp;<\/p>\n<div id=\"attachment_548949\" style=\"width: 470px\" class=\"wp-caption aligncenter\"><img loading=\"lazy\" decoding=\"async\" aria-describedby=\"caption-attachment-548949\" class=\"size-full wp-image-548949\" src=\"https:\/\/www.diarioimagen.net\/wp-content\/uploads\/2022\/06\/uaem-muestra.jpg\" alt=\"\" width=\"460\" height=\"270\" \/><p id=\"caption-attachment-548949\" class=\"wp-caption-text\">Permanecer\u00e1 abierta al p\u00fablico hasta el 27 de junio en las salas 10, 11 y 12, en un horario de 11:00 a 18:00 horas.<\/p><\/div>\n<p>&nbsp;<\/p>\n<p><strong>Toluca, Estado de M\u00e9xico.\u2014<\/strong> Con una muestra gr\u00e1fica que re\u00fane la creatividad y profesionalismo de 18 artistas mexiquenses, -entre ellos estudiantes y egresados de la Facultad de Artes de la Universidad Aut\u00f3noma del Estado de M\u00e9xico (UAEM\u00e9x), as\u00ed como artistas consagrados a la t\u00e9cnica del grabado- se inaugur\u00f3 la exposici\u00f3n \u201cIncisiones gr\u00e1ficas\u201d en el Centro Cultural Universitario \u201cCasa de las Diligencias\u201d.<\/p>\n<p>Como parte de las obras que conforman \u201cIncisiones gr\u00e1ficas\u201d se pueden apreciar las distintas tintas y t\u00e9cnicas de los artistas mexiquenses, entre las que destacan: litograf\u00eda, grabado, gofrado, colograf\u00eda, relieve, monotipia, mezzotinta, aguafuerte y aguatinta, linograf\u00eda, xilograf\u00eda y t\u00e9cnicas mixtas.<\/p>\n<p>Durante la inauguraci\u00f3n de dicha obra colectiva, el Director del recinto cultural universitario, Gast\u00f3n Pedraza Mu\u00f1oz destac\u00f3 la importancia de difundir estas exposiciones en espacios universitarios, a trav\u00e9s de los cuales la comunidad auriverde puede apropiarse de ellos para mostrar la diversidad de su trabajo.<\/p>\n<p>En su oportunidad, la alumna de la Facultad de Artes de la UAEM\u00e9x, Yisel L\u00f3pez Torres, destac\u00f3 que la t\u00e9cnica del linograbado, su favorita por estar m\u00e1s relacionada con la gr\u00e1fica mexicana, \u201ces una t\u00e9cnica en la que ocupamos el lin\u00f3leo o tambi\u00e9n neolite, y con las gubias, cuya herramienta sirve para labrar distintos materiales, se realizan peque\u00f1as incisiones en la placa para generar la imagen\u201d.<\/p>\n<p>A\u00f1adi\u00f3 que una vez que ya se tiene la placa con las incisiones grabadas, se procede a entintar la placa para ser colocada en el t\u00f3rculo y de esta manera proceder a la impresi\u00f3n, la cual constituye la obra final.<\/p>\n<p>La muestra \u201cIncisiones gr\u00e1ficas\u201d permanecer\u00e1 abierta al p\u00fablico hasta el 27 de junio en las salas 10, 11 y 12 de la \u201cCasa de las Diligencias\u201d, en un horario de 11:00 a 18:00 horas. Para mayor informaci\u00f3n se puede consultar las redes sociales del espacio cultural.<\/p>\n","protected":false},"excerpt":{"rendered":"<p>Con una muestra gr\u00e1fica que re\u00fane la creatividad y profesionalismo de 18 artistas mexiquenses, -entre ellos estudiantes y egresados de la Facultad de Artes de la Universidad Aut\u00f3noma del Estado de M\u00e9xico (UAEM\u00e9x), as\u00ed como artistas consagrados a la t\u00e9cnica del grabado- se inaugur\u00f3 la exposici\u00f3n \u201cIncisiones gr\u00e1ficas\u201d en el Centro Cultural Universitario \u201cCasa de las Diligencias\u201d.\u00a0<\/p>\n","protected":false},"author":3,"featured_media":548949,"comment_status":"open","ping_status":"open","sticky":false,"template":"","format":"standard","meta":{"_monsterinsights_skip_tracking":false,"_monsterinsights_sitenote_active":false,"_monsterinsights_sitenote_note":"","_monsterinsights_sitenote_category":0,"footnotes":""},"categories":[5],"tags":[70906,95629,67878],"class_list":["post-548857","post","type-post","status-publish","format-standard","has-post-thumbnail","hentry","category-estado-de-mexico","tag-creatividad","tag-grabadores","tag-uaemex"],"_links":{"self":[{"href":"https:\/\/www.diarioimagen.net\/index.php?rest_route=\/wp\/v2\/posts\/548857","targetHints":{"allow":["GET"]}}],"collection":[{"href":"https:\/\/www.diarioimagen.net\/index.php?rest_route=\/wp\/v2\/posts"}],"about":[{"href":"https:\/\/www.diarioimagen.net\/index.php?rest_route=\/wp\/v2\/types\/post"}],"author":[{"embeddable":true,"href":"https:\/\/www.diarioimagen.net\/index.php?rest_route=\/wp\/v2\/users\/3"}],"replies":[{"embeddable":true,"href":"https:\/\/www.diarioimagen.net\/index.php?rest_route=%2Fwp%2Fv2%2Fcomments&post=548857"}],"version-history":[{"count":0,"href":"https:\/\/www.diarioimagen.net\/index.php?rest_route=\/wp\/v2\/posts\/548857\/revisions"}],"wp:featuredmedia":[{"embeddable":true,"href":"https:\/\/www.diarioimagen.net\/index.php?rest_route=\/wp\/v2\/media\/548949"}],"wp:attachment":[{"href":"https:\/\/www.diarioimagen.net\/index.php?rest_route=%2Fwp%2Fv2%2Fmedia&parent=548857"}],"wp:term":[{"taxonomy":"category","embeddable":true,"href":"https:\/\/www.diarioimagen.net\/index.php?rest_route=%2Fwp%2Fv2%2Fcategories&post=548857"},{"taxonomy":"post_tag","embeddable":true,"href":"https:\/\/www.diarioimagen.net\/index.php?rest_route=%2Fwp%2Fv2%2Ftags&post=548857"}],"curies":[{"name":"wp","href":"https:\/\/api.w.org\/{rel}","templated":true}]}}