{"id":548863,"date":"2022-06-06T00:01:10","date_gmt":"2022-06-06T05:01:10","guid":{"rendered":"https:\/\/www.diarioimagen.net\/?p=548863"},"modified":"2022-06-06T03:17:16","modified_gmt":"2022-06-06T08:17:16","slug":"realizara-naucalpan-eleccion-extraordinaria-de-autoridades-auxiliares-en-tres-comunidades","status":"publish","type":"post","link":"https:\/\/www.diarioimagen.net\/?p=548863","title":{"rendered":"Realizar\u00e1 Naucalpan elecci\u00f3n extraordinaria de autoridades auxiliares en tres comunidades"},"content":{"rendered":"<p>&nbsp;<\/p>\n<ul>\n<li><strong><em>Ser\u00e1 el pr\u00f3ximo 26 de junio<\/em><\/strong><\/li>\n<\/ul>\n<p>&nbsp;<\/p>\n<h6>Arturo Baena<\/h6>\n<p>&nbsp;<\/p>\n<div id=\"attachment_548941\" style=\"width: 470px\" class=\"wp-caption aligncenter\"><img loading=\"lazy\" decoding=\"async\" aria-describedby=\"caption-attachment-548941\" class=\"size-full wp-image-548941\" src=\"https:\/\/www.diarioimagen.net\/wp-content\/uploads\/2022\/06\/naucalpan-eleccion.jpg\" alt=\"\" width=\"460\" height=\"270\" \/><p id=\"caption-attachment-548941\" class=\"wp-caption-text\">La alcaldesa de Naucalpan, Ang\u00e9lica Moya Mar\u00edn, destac\u00f3 que los valores c\u00edvicos y la participaci\u00f3n ciudadana son los motores de un Naucalpan m\u00e1s democr\u00e1tico.<\/p><\/div>\n<p>&nbsp;<\/p>\n<p><strong>Naucalpan, Estado de M\u00e9xico.\u2014<\/strong> El ayuntamiento de esta localidad, en sesi\u00f3n de cabildo, aprob\u00f3 la convocatoria para elecci\u00f3n extraordinaria de delegados, subdelegados y Consejos de Participaci\u00f3n Ciudadana (Copaci) en tres comunidades del municipio, en dos de las cuales hubo empate en los comicios vecinales efectuados el pasado 20 de marzo.<\/p>\n<p>S\u00edndicos y regidores acordaron que la elecci\u00f3n extraordinaria ser\u00e1 el pr\u00f3ximo 26 de junio en las colonias Ampliaci\u00f3n Loma Linda y San Lorenzo Totolinga Segunda Secci\u00f3n, as\u00ed como en el pueblo San Antonio Zomeyucan.<\/p>\n<p>\u00darsula Cort\u00e9s Fern\u00e1ndez, presidenta de la Comisi\u00f3n Transitoria para la elecci\u00f3n de delegados, subdelegados y Copacis 2022-2024, inform\u00f3 que en las colonias Ampliaci\u00f3n Loma Linda y San Lorenzo Totolinga Segunda Secci\u00f3n hubo empate en los comicios vecinales del pasado 20 de marzo.<\/p>\n<p>Agreg\u00f3 que en el pueblo San Antonio Zomeyucan existi\u00f3 retraso en la instalaci\u00f3n de la casilla y las planillas participantes acordaron ir a elecci\u00f3n extraordinaria.<\/p>\n<p>La regidora celebr\u00f3 que la elecci\u00f3n de las autoridades auxiliares de este municipio, se ha llevado a cabo con tranquilidad y armon\u00eda.<\/p>\n<p>La alcaldesa Ang\u00e9lica Moya Mar\u00edn destac\u00f3 que los valores c\u00edvicos y la participaci\u00f3n ciudadana son los motores de un Naucalpan cada vez m\u00e1s democr\u00e1tico y diverso.<\/p>\n","protected":false},"excerpt":{"rendered":"<p>El ayuntamiento de esta localidad, en sesi\u00f3n de cabildo, aprob\u00f3 la convocatoria para elecci\u00f3n extraordinaria de delegados, subdelegados y Consejos de Participaci\u00f3n Ciudadana (Copaci) en tres comunidades del municipio, en dos de las cuales hubo empate en los comicios vecinales efectuados el pasado 20 de marzo.<\/p>\n","protected":false},"author":3,"featured_media":548941,"comment_status":"open","ping_status":"open","sticky":false,"template":"","format":"standard","meta":{"_monsterinsights_skip_tracking":false,"_monsterinsights_sitenote_active":false,"_monsterinsights_sitenote_note":"","_monsterinsights_sitenote_category":0,"footnotes":""},"categories":[5],"tags":[93139,21946,43675,970],"class_list":["post-548863","post","type-post","status-publish","format-standard","has-post-thumbnail","hentry","category-estado-de-mexico","tag-angelica-moya-marin","tag-eleccion","tag-estado-de-mexico","tag-naucalpan"],"_links":{"self":[{"href":"https:\/\/www.diarioimagen.net\/index.php?rest_route=\/wp\/v2\/posts\/548863","targetHints":{"allow":["GET"]}}],"collection":[{"href":"https:\/\/www.diarioimagen.net\/index.php?rest_route=\/wp\/v2\/posts"}],"about":[{"href":"https:\/\/www.diarioimagen.net\/index.php?rest_route=\/wp\/v2\/types\/post"}],"author":[{"embeddable":true,"href":"https:\/\/www.diarioimagen.net\/index.php?rest_route=\/wp\/v2\/users\/3"}],"replies":[{"embeddable":true,"href":"https:\/\/www.diarioimagen.net\/index.php?rest_route=%2Fwp%2Fv2%2Fcomments&post=548863"}],"version-history":[{"count":0,"href":"https:\/\/www.diarioimagen.net\/index.php?rest_route=\/wp\/v2\/posts\/548863\/revisions"}],"wp:featuredmedia":[{"embeddable":true,"href":"https:\/\/www.diarioimagen.net\/index.php?rest_route=\/wp\/v2\/media\/548941"}],"wp:attachment":[{"href":"https:\/\/www.diarioimagen.net\/index.php?rest_route=%2Fwp%2Fv2%2Fmedia&parent=548863"}],"wp:term":[{"taxonomy":"category","embeddable":true,"href":"https:\/\/www.diarioimagen.net\/index.php?rest_route=%2Fwp%2Fv2%2Fcategories&post=548863"},{"taxonomy":"post_tag","embeddable":true,"href":"https:\/\/www.diarioimagen.net\/index.php?rest_route=%2Fwp%2Fv2%2Ftags&post=548863"}],"curies":[{"name":"wp","href":"https:\/\/api.w.org\/{rel}","templated":true}]}}