{"id":548865,"date":"2022-06-06T00:04:20","date_gmt":"2022-06-06T05:04:20","guid":{"rendered":"https:\/\/www.diarioimagen.net\/?p=548865"},"modified":"2022-06-06T03:53:33","modified_gmt":"2022-06-06T08:53:33","slug":"reconocen-en-huixquilucan-trabajo-de-la-alcaldesa-romina-contreras","status":"publish","type":"post","link":"https:\/\/www.diarioimagen.net\/?p=548865","title":{"rendered":"Reconocen en Huixquilucan\u00a0trabajo de la alcaldesa Romina\u00a0Contreras"},"content":{"rendered":"<p>&nbsp;<\/p>\n<p><img loading=\"lazy\" decoding=\"async\" class=\"aligncenter size-full wp-image-548947\" src=\"https:\/\/www.diarioimagen.net\/wp-content\/uploads\/2022\/06\/huixquilucan.jpg\" alt=\"\" width=\"460\" height=\"270\" \/><\/p>\n<p>&nbsp;<\/p>\n<p><strong>Huixquilucan, Estado de M\u00e9xico<\/strong>.\u2014 Por su contribuci\u00f3n en el cuidado del medio ambiente y por consolidarse como la alcaldesa mejor evaluada del pa\u00eds, la presidenta municipal Romina Contreras Carrasco recibi\u00f3 un doble reconocimiento por parte de la organizaci\u00f3n Ecofilter M\u00e9xico.<\/p>\n<p>La CEO de Ecofilter, Paola Garro, entreg\u00f3 el reconocimiento a Romina Contreras por el apoyo que brind\u00f3 a esta organizaci\u00f3n para alcanzar la meta de un mill\u00f3n de colillas recolectadas en la v\u00eda p\u00fablica, en el marco del D\u00eda Mundial Sin Tabaco, celebrado el pasado 30 de mayo.<\/p>\n<p>Ah\u00ed, la alcaldesa Romina Contreras destac\u00f3 la participaci\u00f3n de las y los huixquiluquenses en esta tarea, quienes lograron recuperar m\u00e1s de once mil colillas de cigarro de la v\u00eda p\u00fablica.<\/p>\n<p>&nbsp;<\/p>\n","protected":false},"excerpt":{"rendered":"<p>Por su contribuci\u00f3n en el cuidado del medio ambiente y por consolidarse como la alcaldesa mejor evaluada del pa\u00eds, la presidenta municipal Romina Contreras Carrasco recibi\u00f3 un doble reconocimiento por parte de la organizaci\u00f3n Ecofilter M\u00e9xico.<\/p>\n","protected":false},"author":3,"featured_media":548947,"comment_status":"open","ping_status":"open","sticky":false,"template":"","format":"standard","meta":{"_monsterinsights_skip_tracking":false,"_monsterinsights_sitenote_active":false,"_monsterinsights_sitenote_note":"","_monsterinsights_sitenote_category":0,"footnotes":""},"categories":[5],"tags":[43675,1097,57674],"class_list":["post-548865","post","type-post","status-publish","format-standard","has-post-thumbnail","hentry","category-estado-de-mexico","tag-estado-de-mexico","tag-huixquilucan","tag-romina-contreras-carrasco"],"_links":{"self":[{"href":"https:\/\/www.diarioimagen.net\/index.php?rest_route=\/wp\/v2\/posts\/548865","targetHints":{"allow":["GET"]}}],"collection":[{"href":"https:\/\/www.diarioimagen.net\/index.php?rest_route=\/wp\/v2\/posts"}],"about":[{"href":"https:\/\/www.diarioimagen.net\/index.php?rest_route=\/wp\/v2\/types\/post"}],"author":[{"embeddable":true,"href":"https:\/\/www.diarioimagen.net\/index.php?rest_route=\/wp\/v2\/users\/3"}],"replies":[{"embeddable":true,"href":"https:\/\/www.diarioimagen.net\/index.php?rest_route=%2Fwp%2Fv2%2Fcomments&post=548865"}],"version-history":[{"count":0,"href":"https:\/\/www.diarioimagen.net\/index.php?rest_route=\/wp\/v2\/posts\/548865\/revisions"}],"wp:featuredmedia":[{"embeddable":true,"href":"https:\/\/www.diarioimagen.net\/index.php?rest_route=\/wp\/v2\/media\/548947"}],"wp:attachment":[{"href":"https:\/\/www.diarioimagen.net\/index.php?rest_route=%2Fwp%2Fv2%2Fmedia&parent=548865"}],"wp:term":[{"taxonomy":"category","embeddable":true,"href":"https:\/\/www.diarioimagen.net\/index.php?rest_route=%2Fwp%2Fv2%2Fcategories&post=548865"},{"taxonomy":"post_tag","embeddable":true,"href":"https:\/\/www.diarioimagen.net\/index.php?rest_route=%2Fwp%2Fv2%2Ftags&post=548865"}],"curies":[{"name":"wp","href":"https:\/\/api.w.org\/{rel}","templated":true}]}}