{"id":548868,"date":"2022-06-06T00:03:34","date_gmt":"2022-06-06T05:03:34","guid":{"rendered":"https:\/\/www.diarioimagen.net\/?p=548868"},"modified":"2022-06-06T03:19:35","modified_gmt":"2022-06-06T08:19:35","slug":"cuautitlan-izcalli-ejemplo-de-los-buenos-gobiernos-del-pan-anuar-azar","status":"publish","type":"post","link":"https:\/\/www.diarioimagen.net\/?p=548868","title":{"rendered":"Cuautitl\u00e1n Izcalli, ejemplo de los buenos gobiernos del PAN: Anuar Azar"},"content":{"rendered":"<p>&nbsp;<\/p>\n<ul>\n<li><strong><em>Acciones concretas y de beneficio social<\/em><\/strong><\/li>\n<\/ul>\n<p>&nbsp;<\/p>\n<h6>Arturo Baena<\/h6>\n<p>&nbsp;<\/p>\n<div id=\"attachment_548945\" style=\"width: 470px\" class=\"wp-caption aligncenter\"><img loading=\"lazy\" decoding=\"async\" aria-describedby=\"caption-attachment-548945\" class=\"size-full wp-image-548945\" src=\"https:\/\/www.diarioimagen.net\/wp-content\/uploads\/2022\/06\/cuautitlan.jpg\" alt=\"\" width=\"460\" height=\"270\" \/><p id=\"caption-attachment-548945\" class=\"wp-caption-text\">El presidente estatal del PAN, Anuar Azar Figueroa, destac\u00f3 acciones concretas y de beneficio social en esta localidad, presidida por Karla Fiesco Garc\u00eda.<\/p><\/div>\n<p>&nbsp;<\/p>\n<p><strong>Cuautitl\u00e1n Izcalli, Estado de M\u00e9xico.\u2014<\/strong> El diputado federal y presidente estatal del PAN, Anuar Azar Figueroa, destac\u00f3 que con acciones concretas y de beneficio social, la administraci\u00f3n p\u00fablica municipal de esta localidad, presidida por Karla Fiesco Garc\u00eda, est\u00e1 siendo ejemplo de los buenos gobiernos panistas.<\/p>\n<p>Entrevistado al concluir el evento de entrega de nuevas unidades, uniformes y armamento a elementos de la Comisar\u00eda de Seguridad Publica y Tr\u00e1nsito Municipal de Cuautitl\u00e1n Izcslli; el tambi\u00e9n dirigente del Comite Directivo Estatal del PAN del Estado de M\u00e9xico dijo que llena de orgullo acompa\u00f1ar a su compa\u00f1era y amiga Karla Fiesco. \u201cEs una mujer trabajadora que siempre ha luchado por mejorar a Cuautitl\u00e1n Izcalli y que ahora como presidenta municipal est\u00e1 logrando sacarlo del bache en un tema tan delicado como lo es la inseguridad\u201d, enfatiz\u00f3.<\/p>\n<p>En ese sentido, reiter\u00f3 que la alcaldesa izcallense no s\u00f3lo reconoce el grave problema heredado por la pasada administraci\u00f3n en el tema de seguridad; sino que presenta un dec\u00e1logo bien definido con acciones firmes como la compra de estas modernas patrullas y el equipamiento de las y los polic\u00edas con una inversi\u00f3n de 120 millones de pesos, adem\u00e1s de una pr\u00f3xima capacitaci\u00f3n a 100 elementos m\u00e1s, lo que demuestra que las alcaldesas y los alcaldes \u00a0panistas saben gobernar y bien.<\/p>\n<p>\u201cHoy no s\u00f3lo felicito a mi amiga Karla, sino a todos los izcallenses; porque se percibe que se est\u00e1 gestando un favorable cambio en este municipio que lo est\u00e1n convirtiendo poco a poco en ejemplo claro de los buenos gobiernos emanados del Partido Acci\u00f3n Nacional\u201d, puntualiz\u00f3 Anuar Azar Figueroa.<\/p>\n","protected":false},"excerpt":{"rendered":"<p>El diputado federal y presidente estatal del PAN, Anuar Azar Figueroa, destac\u00f3 que con acciones concretas y de beneficio social, la administraci\u00f3n p\u00fablica municipal de esta localidad, presidida por Karla Fiesco Garc\u00eda, est\u00e1 siendo ejemplo de los buenos gobiernos panistas.<\/p>\n","protected":false},"author":3,"featured_media":548945,"comment_status":"open","ping_status":"open","sticky":false,"template":"","format":"standard","meta":{"_monsterinsights_skip_tracking":false,"_monsterinsights_sitenote_active":false,"_monsterinsights_sitenote_note":"","_monsterinsights_sitenote_category":0,"footnotes":""},"categories":[5],"tags":[95632,971,43675,91],"class_list":["post-548868","post","type-post","status-publish","format-standard","has-post-thumbnail","hentry","category-estado-de-mexico","tag-buenos-gobiernos","tag-cuautitlan-izcalli","tag-estado-de-mexico","tag-pan"],"_links":{"self":[{"href":"https:\/\/www.diarioimagen.net\/index.php?rest_route=\/wp\/v2\/posts\/548868","targetHints":{"allow":["GET"]}}],"collection":[{"href":"https:\/\/www.diarioimagen.net\/index.php?rest_route=\/wp\/v2\/posts"}],"about":[{"href":"https:\/\/www.diarioimagen.net\/index.php?rest_route=\/wp\/v2\/types\/post"}],"author":[{"embeddable":true,"href":"https:\/\/www.diarioimagen.net\/index.php?rest_route=\/wp\/v2\/users\/3"}],"replies":[{"embeddable":true,"href":"https:\/\/www.diarioimagen.net\/index.php?rest_route=%2Fwp%2Fv2%2Fcomments&post=548868"}],"version-history":[{"count":0,"href":"https:\/\/www.diarioimagen.net\/index.php?rest_route=\/wp\/v2\/posts\/548868\/revisions"}],"wp:featuredmedia":[{"embeddable":true,"href":"https:\/\/www.diarioimagen.net\/index.php?rest_route=\/wp\/v2\/media\/548945"}],"wp:attachment":[{"href":"https:\/\/www.diarioimagen.net\/index.php?rest_route=%2Fwp%2Fv2%2Fmedia&parent=548868"}],"wp:term":[{"taxonomy":"category","embeddable":true,"href":"https:\/\/www.diarioimagen.net\/index.php?rest_route=%2Fwp%2Fv2%2Fcategories&post=548868"},{"taxonomy":"post_tag","embeddable":true,"href":"https:\/\/www.diarioimagen.net\/index.php?rest_route=%2Fwp%2Fv2%2Ftags&post=548868"}],"curies":[{"name":"wp","href":"https:\/\/api.w.org\/{rel}","templated":true}]}}