{"id":548900,"date":"2022-06-06T00:03:48","date_gmt":"2022-06-06T05:03:48","guid":{"rendered":"https:\/\/www.diarioimagen.net\/?p=548900"},"modified":"2022-06-06T02:04:09","modified_gmt":"2022-06-06T07:04:09","slug":"munoz-ledo-contra-amlo","status":"publish","type":"post","link":"https:\/\/www.diarioimagen.net\/?p=548900","title":{"rendered":"Mu\u00f1oz Ledo contra AMLO"},"content":{"rendered":"<h2>Espacio Electoral<\/h2>\n<h5>Eleazar Flores<\/h5>\n<p>&nbsp;<\/p>\n<p><strong>\u00bfCASUALIDAD?-.<\/strong> El vetusto, pero inteligente pol\u00edtico Porfirio Mu\u00f1oz Ledo podr\u00eda ser -junto con do\u00f1a Ifigen\u00eda Mart\u00ednez- quien m\u00e1s conoce de los alcances y tambi\u00e9n las limitaciones-, del presidente Andr\u00e9s Manuel L\u00f3pez Obrador, no de ahora, sino desde sus tiempos mozos como disidente.<\/p>\n<p>Conocedor de los altos y profundos intestinos del poder, no es cosa menor cuando el ide\u00f3logo Mu\u00f1oz Ledo asocia al actual gobierno con ligas del crimen organizado en mayor o menor grado.<\/p>\n<p><strong>VA UN EJEMPLO-.<\/strong> Cuando \u201ccasualmente\u201d se aparece en la ruta de una gira presidencial en Badiraguato, una se\u00f1ora mayor que result\u00f3 ser la mam\u00e1 de Joaqu\u00edn Guzm\u00e1n Loera, para saludar al padre de la \u201ccuarta transtornaci\u00f3n\u201d\u00a0 \u00bfusted cree que fue casual?<\/p>\n<p>Con las medidas de seguridad que se toman desde d\u00edas antes en la ruta de las giras, resultar\u00eda imposible que en parte de esa ruta apareciera inesperadamente una camioneta, posiblemente \u00faltimo modelo y blindada, yendo dentro de la misma\u00a0 la mam\u00e1 de Guzm\u00e1n Loera y que el grupo de vigilancia y seguridad del mandatario la dejara pasar como Juan por su casa, seguramente sin pedirle la m\u00ednima identificaci\u00f3n.<\/p>\n<p>A este tipo de \u201cacuerdos\u201d, verbales o firmados sobre hielo se refiere el ide\u00f3logo Porfirio Mu\u00f1oz Ledo, cuando se\u00f1ala el sospechosismo oficial en las relaciones con grupos del crimen organizado, que dif\u00edcilmente se comprobar\u00edan pero ni falta hace ante evidencia de hechos<\/p>\n<p>Hechos como el caso del \u201cculiacanazo\u201d cuyo protagonista fue otro hijo de Guzm\u00e1n Loera y que seg\u00fan el padre de la \u201ccuarta transtornaci\u00f3n\u201d pronto dar\u00e1 la versi\u00f3n real del caso no obstante que tan pronto sucedi\u00f3 se dieron m\u00ednimo dos \u00e1ngulo diferentes del mismo, en uno de los cuales el tabasque\u00f1o acept\u00f3 haber ignorado el hecho y despu\u00e9s rectific\u00f3, ignor\u00e1ndose si para proteger a los militares o a Durazo, entonces jefe de la Guardia Nacional.<\/p>\n<p>Analice y juzgue usted mismo, olvidando las opiniones interesadas del gerente de MORENA Mario Delgado, obligado a ser apoyador de AMLO, tanto como quienes ejercen el periodismo militante, cada vez menos pero los hay.<\/p>\n<p><strong>EDOMEX-.<\/strong> No obstante el a\u00f1o de distancia que falta para la \u201cmadre de todas las elecciones\u201d en las que los mexiquenses elegir\u00e1n nuevo gobernador, en Morena siguen movidos, sobre todo Higinio Mart\u00ednez, pagando gacetillas para que le publiquen sus aspiraciones, en tanto que \u201cla reina de los moches\u201d, Delfina G\u00f3mez, se concentra en la SEP publicando su calendario escolar 2022-2023.<\/p>\n<p>El subsecretario Encinas, con poco inter\u00e9s en el tema, no as\u00ed el aduanero Horacio Duarte.<\/p>\n<p>En el PRI, Ricardo Castillo aprovecha un cargo nacional tricolor para publicitarse y Ernesto Nemer con traje mazahua en giras.<\/p>\n<p>Ana Lilia y Alejandra, calladitas por ahora, igual que el panista Enrique Vargas del Villar.<\/p>\n<p><em><a href=\"mailto:elefa44@gmail.com\" target=\"_blank\" rel=\"noopener noreferrer\">elefa44@gmail.com<\/a><\/em><\/p>\n","protected":false},"excerpt":{"rendered":"<p><span style=\"color: #005497;\"><strong>Eleazar Flores<\/strong><\/span><\/p>\n","protected":false},"author":3,"featured_media":0,"comment_status":"open","ping_status":"open","sticky":false,"template":"","format":"standard","meta":{"_monsterinsights_skip_tracking":false,"_monsterinsights_sitenote_active":false,"_monsterinsights_sitenote_note":"","_monsterinsights_sitenote_category":0,"footnotes":""},"categories":[81743],"tags":[81744,81776,43674],"class_list":["post-548900","post","type-post","status-publish","format-standard","hentry","category-eleazar-flores","tag-eleazar-flores","tag-espacio-electoral","tag-opinion"],"_links":{"self":[{"href":"https:\/\/www.diarioimagen.net\/index.php?rest_route=\/wp\/v2\/posts\/548900","targetHints":{"allow":["GET"]}}],"collection":[{"href":"https:\/\/www.diarioimagen.net\/index.php?rest_route=\/wp\/v2\/posts"}],"about":[{"href":"https:\/\/www.diarioimagen.net\/index.php?rest_route=\/wp\/v2\/types\/post"}],"author":[{"embeddable":true,"href":"https:\/\/www.diarioimagen.net\/index.php?rest_route=\/wp\/v2\/users\/3"}],"replies":[{"embeddable":true,"href":"https:\/\/www.diarioimagen.net\/index.php?rest_route=%2Fwp%2Fv2%2Fcomments&post=548900"}],"version-history":[{"count":0,"href":"https:\/\/www.diarioimagen.net\/index.php?rest_route=\/wp\/v2\/posts\/548900\/revisions"}],"wp:attachment":[{"href":"https:\/\/www.diarioimagen.net\/index.php?rest_route=%2Fwp%2Fv2%2Fmedia&parent=548900"}],"wp:term":[{"taxonomy":"category","embeddable":true,"href":"https:\/\/www.diarioimagen.net\/index.php?rest_route=%2Fwp%2Fv2%2Fcategories&post=548900"},{"taxonomy":"post_tag","embeddable":true,"href":"https:\/\/www.diarioimagen.net\/index.php?rest_route=%2Fwp%2Fv2%2Ftags&post=548900"}],"curies":[{"name":"wp","href":"https:\/\/api.w.org\/{rel}","templated":true}]}}