{"id":549008,"date":"2022-06-07T00:05:30","date_gmt":"2022-06-07T05:05:30","guid":{"rendered":"https:\/\/www.diarioimagen.net\/?p=549008"},"modified":"2022-06-08T01:32:51","modified_gmt":"2022-06-08T06:32:51","slug":"formacion-universitaria-aleja-a-la-juventud-de-la-delincuencia-cebd","status":"publish","type":"post","link":"https:\/\/www.diarioimagen.net\/?p=549008","title":{"rendered":"Formaci\u00f3n universitaria aleja a la juventud de la delincuencia: CEBD"},"content":{"rendered":"<p><em>\u00a0<\/em><\/p>\n<ul>\n<li><strong><em>El rector de la Aut\u00f3noma mexiquense, Carlos Eduardo Barrera D\u00edaz, encabez\u00f3 el Cuarto Informe Anual de Actividades que rindi\u00f3 el director del Plantel \u201cCuauht\u00e9moc\u201d de la Escuela Preparatoria de la UAEM\u00e9x, Mart\u00edn Jos\u00e9 Chong Campuzano<\/em><\/strong><\/li>\n<\/ul>\n<p><strong>\u00a0<\/strong><\/p>\n<div id=\"attachment_549087\" style=\"width: 470px\" class=\"wp-caption aligncenter\"><img loading=\"lazy\" decoding=\"async\" aria-describedby=\"caption-attachment-549087\" class=\"size-full wp-image-549087\" src=\"https:\/\/www.diarioimagen.net\/wp-content\/uploads\/2022\/06\/uaem-5.jpg\" alt=\"\" width=\"460\" height=\"270\" \/><p id=\"caption-attachment-549087\" class=\"wp-caption-text\">Carlos Eduardo Barrera D\u00edaz, rector de la UAEM\u00e9x, reconoci\u00f3 las actividades que en materia de sustentabilidad impuls\u00f3 como la campa\u00f1a \u201cLibre de unicel\u201d y la instalaci\u00f3n el\u00e9ctrica led en el plantel.<\/p><\/div>\n<p>&nbsp;<\/p>\n<p><strong>Toluca, Estado de M\u00e9xico.\u2014<\/strong> Cada estudiante que se forma en la Universidad Aut\u00f3noma del Estado de M\u00e9xico (UAEM\u00e9x) es una persona que se aleja de las calles, la delincuencia y privilegia los valores universitarios en su actuar, asegur\u00f3 el rector, Carlos Eduardo Barrera D\u00edaz.<\/p>\n<p>Al encabezar el Cuarto Informe Anual de Actividades que rindi\u00f3 el director del Plantel \u201cCuauht\u00e9moc\u201d de la Escuela Preparatoria de la UAEM\u00e9x, Mart\u00edn Jos\u00e9 Chong Campuzano, Barrera D\u00edaz refiri\u00f3 que este organismo acad\u00e9mico es ejemplo de los motivos que impulsa la Aut\u00f3noma mexiquense como la educaci\u00f3n de calidad, inclusi\u00f3n, la integridad y la sustentabilidad.<\/p>\n<p>En ese sentido, reconoci\u00f3 la acreditaci\u00f3n Nivel II que tiene este plantel en el Programa Ambiental de Escuelas Responsables de la entidad, el impulso de la campa\u00f1a \u201cLibre de unicel\u201d y contar en un 99 por ciento con instalaci\u00f3n el\u00e9ctrica led.<\/p>\n<p>\u201cEsta es una de las escuelas con mayor potencia, bajo el liderazgo del doctor Mart\u00edn, que desde el primer a\u00f1o empez\u00f3 con la campa\u00f1a de una escuela libre de unicel y como \u00e9l ya lo dec\u00eda, el 99 por ciento de su instalaci\u00f3n el\u00e9ctrica es led, eso nos ayuda much\u00edsimo en la reducci\u00f3n de la huella de carbono\u201d, dijo.<\/p>\n<p>En su oportunidad, Chong Campuzano dio a conocer que la matr\u00edcula del Plantel \u201cCuauht\u00e9moc\u201d est\u00e1 integrada por 3 mil 327 estudiantes, de los cuales el 93.5 por ciento contaron con alg\u00fan tipo de beca en el \u00faltimo a\u00f1o.<\/p>\n<p>Indic\u00f3 que el Plantel \u201cCuauht\u00e9moc\u201d refrend\u00f3 sus certificaciones en las instalaciones de laboratorios y biblioteca, logr\u00f3 cobertura del 100 por ciento de las aulas con servicio de internet, as\u00ed como la puesta en funcionamiento de un consultorio de salud y uno de atenci\u00f3n psicol\u00f3gica, otorgando un servicio integral y de calidad a su estudiantado.<\/p>\n<p>Chong Campuzano, tambi\u00e9n reconoci\u00f3 el talento de la comunidad estudiantil que particip\u00f3 de forma destacada en actividades acad\u00e9micas, culturales y deportivas.<\/p>\n<p>\u201cExpreso mi agradecimiento especial al alumnado, raz\u00f3n de ser del Plantel Cuauht\u00e9moc quienes durante su tr\u00e1nsito por nuestra aulas se reconocen como orgullosos guerreros universitarios, asumiendo el desaf\u00edo de transformar el mundo\u201d, afirm\u00f3.<\/p>\n<p>El plantel \u201cCuauht\u00e9moc\u201d pertenece al Nivel I del Padr\u00f3n de Calidad del Sistema Nacional de Educaci\u00f3n Media Superior hasta el periodo 2024-2025. El 10.7 por ciento de su planta docente tiene grado de doctorado, 48.3 por ciento maestr\u00eda y 39.2 por ciento licenciatura.<\/p>\n<p>Al Informe de Actividades acudieron integrantes del gabinete y comunidad universitaria en general.<\/p>\n","protected":false},"excerpt":{"rendered":"<p>Cada estudiante que se forma en la Universidad Aut\u00f3noma del Estado de M\u00e9xico (UAEM\u00e9x) es una persona que se aleja de las calles, la delincuencia y privilegia los valores universitarios en su actuar, asegur\u00f3 el rector, Carlos Eduardo Barrera D\u00edaz.<\/p>\n","protected":false},"author":3,"featured_media":549087,"comment_status":"open","ping_status":"open","sticky":false,"template":"","format":"standard","meta":{"_monsterinsights_skip_tracking":false,"_monsterinsights_sitenote_active":false,"_monsterinsights_sitenote_note":"","_monsterinsights_sitenote_category":0,"footnotes":""},"categories":[5],"tags":[92667,43675,452,67878],"class_list":["post-549008","post","type-post","status-publish","format-standard","has-post-thumbnail","hentry","category-estado-de-mexico","tag-carlos-eduardo-barrera-diaz","tag-estado-de-mexico","tag-toluca","tag-uaemex"],"_links":{"self":[{"href":"https:\/\/www.diarioimagen.net\/index.php?rest_route=\/wp\/v2\/posts\/549008","targetHints":{"allow":["GET"]}}],"collection":[{"href":"https:\/\/www.diarioimagen.net\/index.php?rest_route=\/wp\/v2\/posts"}],"about":[{"href":"https:\/\/www.diarioimagen.net\/index.php?rest_route=\/wp\/v2\/types\/post"}],"author":[{"embeddable":true,"href":"https:\/\/www.diarioimagen.net\/index.php?rest_route=\/wp\/v2\/users\/3"}],"replies":[{"embeddable":true,"href":"https:\/\/www.diarioimagen.net\/index.php?rest_route=%2Fwp%2Fv2%2Fcomments&post=549008"}],"version-history":[{"count":0,"href":"https:\/\/www.diarioimagen.net\/index.php?rest_route=\/wp\/v2\/posts\/549008\/revisions"}],"wp:featuredmedia":[{"embeddable":true,"href":"https:\/\/www.diarioimagen.net\/index.php?rest_route=\/wp\/v2\/media\/549087"}],"wp:attachment":[{"href":"https:\/\/www.diarioimagen.net\/index.php?rest_route=%2Fwp%2Fv2%2Fmedia&parent=549008"}],"wp:term":[{"taxonomy":"category","embeddable":true,"href":"https:\/\/www.diarioimagen.net\/index.php?rest_route=%2Fwp%2Fv2%2Fcategories&post=549008"},{"taxonomy":"post_tag","embeddable":true,"href":"https:\/\/www.diarioimagen.net\/index.php?rest_route=%2Fwp%2Fv2%2Ftags&post=549008"}],"curies":[{"name":"wp","href":"https:\/\/api.w.org\/{rel}","templated":true}]}}