{"id":549060,"date":"2022-06-07T00:17:13","date_gmt":"2022-06-07T05:17:13","guid":{"rendered":"https:\/\/www.diarioimagen.net\/?p=549060"},"modified":"2022-06-14T01:33:12","modified_gmt":"2022-06-14T06:33:12","slug":"hacia-el-2024-pluralismo-o-autoritarismo","status":"publish","type":"post","link":"https:\/\/www.diarioimagen.net\/?p=549060","title":{"rendered":"Hacia el 2024: \u00bfPluralismo o autoritarismo?"},"content":{"rendered":"<h2>Caleidoscopio<\/h2>\n<h5>Guillermina G\u00f3mora Ord\u00f3\u00f1ez<\/h5>\n<p>&nbsp;<\/p>\n<p>En la antesala de 2024 M\u00e9xico retrocede peligrosamente hacia el presidencialismo. La alternancia pol\u00edtica es una utop\u00eda. Morena consolida su hegemon\u00eda territorial sin contrapesos regionales al poder que concentra y detenta <strong>Andr\u00e9s Manuel L\u00f3pez Obrador<\/strong>, desde Palacio Nacional. La prometida transformaci\u00f3n nos regres\u00f3 al centralismo.<\/p>\n<p>Prueba de ello, el saldo de la jornada electoral del pasado domingo, donde se replicaron los usos y costumbres del viejo sistema pol\u00edtico mexicano para la coacci\u00f3n del voto en seis estados donde hubo cambio de gobernadores. Autoridades locales que nada podr\u00e1n hacer\u00a0\u00a0 frente al poder central y la narcopol\u00edtica. El sello del autoritarismo.<\/p>\n<p>El mandato de las urnas est\u00e1 en riesgo. M\u00e9xico se debate entre la ambici\u00f3n presidencial de reconcentrar el poder y un persistente pero d\u00e9bil pluralismo que no se traduce de manera fiel en los espacios formales de representaci\u00f3n pol\u00edtica. Los partidos de oposici\u00f3n enfrentan el reto de recomponer sus estructuras para mantenerse competitivos o desaparecer.<\/p>\n<p>Los resultados electorales confirman que organizaciones como el <strong>Revolucionario Institucional<\/strong> (<strong>PRI<\/strong>) y de la <strong>Revoluci\u00f3n Democr\u00e1tica<\/strong> (<strong>PRD<\/strong>) est\u00e1n en franca debacle, ya que no lograron posicionarse como fuerzas pol\u00edticas reales en los estados donde hubo comicios. La ca\u00edda del PRI no s\u00f3lo se explica con n\u00fameros, tambi\u00e9n es producto de la ausencia de l\u00edderes y de los esc\u00e1ndalos de sus militantes y funcionarios.<\/p>\n<p>Como van las cosas el <strong>PRI<\/strong> terminar\u00e1 el sexenio sin gobernar ning\u00fan estado. Comenz\u00f3 con 16 hace tres a\u00f1os y le quedan dos: Estado de M\u00e9xico y Coahuila que se disputar\u00e1n en 2023.<\/p>\n<p>En el caso del <strong>Acci\u00f3n Nacional<\/strong> (<strong>PAN<\/strong>), gobierna seis estados, pero no es suficiente a nivel nacional. La confrontaci\u00f3n interna entre los grupos panistas los ha llevado a establecer alianzas con sus adversarios hist\u00f3ricos e ideol\u00f3gicos del PRI y PRD para sobrevivir.<\/p>\n<p>Una organizaci\u00f3n que genera pol\u00e9mica es <strong>Movimiento Ciudadano<\/strong> (<strong>MC<\/strong>), que fund\u00f3 y dirige el expriista <strong>Dante Delgado<\/strong>, pues se ha negado a integrarse a la Alianza \u201cVa por M\u00e9xico\u201d. Actualmente gobierna Jalisco, Nuevo Le\u00f3n y varias alcald\u00edas.<\/p>\n<p>Movimiento Ciudadano avanza entre los ciudadanos que buscan opciones en un sistema pol\u00edtico lleno de vicios donde los partidos terminan como sat\u00e9lites del que est\u00e1 en el poder o como negocio familiar como el <strong>Partido Verde Ecologista de M\u00e9xico<\/strong> (<strong>PVEM<\/strong>), de ese tama\u00f1o es la flexibilidad del pluralismo pol\u00edtico nacional.<\/p>\n<p>De acuerdo con <strong>Integralia Consultores<\/strong>, \u201ctras los resultados del 5 de junio, Morena gobernar\u00eda 20 o 21 entidades, que representan entre el 58.8% y el 56.3% de la poblaci\u00f3n del pa\u00eds y el 56.3% y 57.5% del PIB nacional\u201d<\/p>\n<p>Sin embargo, el avance de Morena, nada tiene que ver con un arraigo entre la poblaci\u00f3n. Uno de los factores que benefici\u00f3 al partido en el poder en los pasados comicios fue el abstencionismo que va del 60 al 80%. La gente tuvo poca motivaci\u00f3n, prevaleci\u00f3 el miedo en algunos estados por la injerencia del crimen organizado y la percepci\u00f3n de que nadie le pod\u00eda ganar a Morena.<\/p>\n<p>As\u00ed las cosas, el sistema de partidos debe modificarse en los pr\u00f3ximos a\u00f1os, mantener el esquema de c\u00fapulas donde ellos toman decisiones, sin voltear a ver cu\u00e1les son las necesidades de los ciudadanos, s\u00f3lo fomentar\u00e1 el hartazgo de la poblaci\u00f3n hacia ellos y fortalecer\u00e1 el abstencionismo.<\/p>\n<p>\u00bfAcaso no les ha quedado claro que actualmente carecen de credibilidad porque como instituciones p\u00fablicas han perdido definici\u00f3n e identidad diferenciada frente a la sociedad?<\/p>\n<p>En 2024 se juega la gobernabilidad del pa\u00eds, en una endeble democracia polarizada. Como dec\u00eda el ide\u00f3logo del tricolor, Jes\u00fas Reyes Heroles: \u201cEn pol\u00edtica lo importante es convencer, persuadir, no improvisar\u201d.<\/p>\n<p>M\u00e9xico debe avanzar hacia un sistema democr\u00e1tico participativo y no s\u00f3lo representativo. El poder del voto nos permitir\u00e1 elegir entre el pluralismo (democracia) o el autoritarismo.<\/p>\n<p style=\"text-align: center;\"><strong>VERICUENTOS<\/strong><\/p>\n<p style=\"text-align: center;\"><strong>Monreal-balance electoral<\/strong><\/p>\n<p>Luego del avance de la marea guinda en el pa\u00eds, <strong>el presidente de la Junta de Coordinaci\u00f3n Pol\u00edtica, Ricardo Monreal \u00c1vila<\/strong>, dijo: \u201cEs importante que todos hagamos un esfuerzo de que la democracia impere la gente decida; el poder popular es lo m\u00e1s importante para una rep\u00fablica que est\u00e1 construyendo su futuro y que est\u00e1 en un proceso de transici\u00f3n pol\u00edtica y de cambio de r\u00e9gimen\u201d. El zacatecano que tiene la mira puesta en la candidatura presidencial para 2024, se pronunci\u00f3 por fortalecer la democracia en nuestro pa\u00eds. <strong>\u00a1\u00d3rale!<\/strong><\/p>\n<p style=\"text-align: center;\"><strong>Retroceso educativo<\/strong><\/p>\n<p>Vaya datos que present\u00f3 <strong>\u201cM\u00e9xico Eval\u00faa\u201d <\/strong>donde advierte que el pa\u00eds enfrenta un retroceso de cinco a\u00f1os en materia de abandono o deserci\u00f3n escolar y a\u00f1o y medio de retraso causado por el rezago en el aprendizaje, lo que implicar\u00e1 un costo muy alto en materia de analfabetismo y pobreza. La organizaci\u00f3n denuncia que las autoridades han sido omisas ante la situaci\u00f3n de emergencia que enfrenta la educaci\u00f3n p\u00fablica en M\u00e9xico. M\u00e1s de medio mill\u00f3n de estudiantes dejaron de asistir a la escuela tras la pandemia. La mayor disminuci\u00f3n la present\u00f3 el nivel preescolar, cuya matr\u00edcula disminuy\u00f3 13%, seguida de la educaci\u00f3n media superior (7%); primaria (4%), secundaria (3%) y superior (1%). <strong>\u00bfAlguien en la SEP que se haga cargo? \u00a1S.O.S!<\/strong><\/p>\n<p><a href=\"https:\/\/twitter.com\/guillegomora?lang=es\" target=\"_blank\" rel=\"noopener\"><em>@guillegomora<\/em><\/a><\/p>\n","protected":false},"excerpt":{"rendered":"<p><span style=\"color: #005497;\"><strong>Guillermina G\u00f3mora Ord\u00f3\u00f1ez<\/strong><\/span<\/span><\/p>\n","protected":false},"author":3,"featured_media":0,"comment_status":"open","ping_status":"open","sticky":false,"template":"","format":"standard","meta":{"_monsterinsights_skip_tracking":false,"_monsterinsights_sitenote_active":false,"_monsterinsights_sitenote_note":"","_monsterinsights_sitenote_category":0,"footnotes":""},"categories":[58361],"tags":[58362,58363,43674],"class_list":["post-549060","post","type-post","status-publish","format-standard","hentry","category-guillermina-gomora-ordonez","tag-caleidoscopio","tag-guillermina-gomora-ordonez","tag-opinion"],"_links":{"self":[{"href":"https:\/\/www.diarioimagen.net\/index.php?rest_route=\/wp\/v2\/posts\/549060","targetHints":{"allow":["GET"]}}],"collection":[{"href":"https:\/\/www.diarioimagen.net\/index.php?rest_route=\/wp\/v2\/posts"}],"about":[{"href":"https:\/\/www.diarioimagen.net\/index.php?rest_route=\/wp\/v2\/types\/post"}],"author":[{"embeddable":true,"href":"https:\/\/www.diarioimagen.net\/index.php?rest_route=\/wp\/v2\/users\/3"}],"replies":[{"embeddable":true,"href":"https:\/\/www.diarioimagen.net\/index.php?rest_route=%2Fwp%2Fv2%2Fcomments&post=549060"}],"version-history":[{"count":0,"href":"https:\/\/www.diarioimagen.net\/index.php?rest_route=\/wp\/v2\/posts\/549060\/revisions"}],"wp:attachment":[{"href":"https:\/\/www.diarioimagen.net\/index.php?rest_route=%2Fwp%2Fv2%2Fmedia&parent=549060"}],"wp:term":[{"taxonomy":"category","embeddable":true,"href":"https:\/\/www.diarioimagen.net\/index.php?rest_route=%2Fwp%2Fv2%2Fcategories&post=549060"},{"taxonomy":"post_tag","embeddable":true,"href":"https:\/\/www.diarioimagen.net\/index.php?rest_route=%2Fwp%2Fv2%2Ftags&post=549060"}],"curies":[{"name":"wp","href":"https:\/\/api.w.org\/{rel}","templated":true}]}}