{"id":549165,"date":"2022-06-08T00:02:46","date_gmt":"2022-06-08T05:02:46","guid":{"rendered":"https:\/\/www.diarioimagen.net\/?p=549165"},"modified":"2022-06-08T02:10:47","modified_gmt":"2022-06-08T07:10:47","slug":"servicios-publicos-son-una-prioridad-para-alcaldes-consejeros-ciudadanos","status":"publish","type":"post","link":"https:\/\/www.diarioimagen.net\/?p=549165","title":{"rendered":"Servicios p\u00fablicos son una prioridad para alcaldes: consejeros ciudadanos"},"content":{"rendered":"<p>&nbsp;<\/p>\n<ul>\n<li><strong><em>Destacan acciones en Atizap\u00e1n, Tlalnepantla y Cuautitl\u00e1n<\/em><\/strong><\/li>\n<\/ul>\n<p>&nbsp;<\/p>\n<h6>Arturo Baena<\/h6>\n<p>&nbsp;<\/p>\n<div id=\"attachment_549282\" style=\"width: 470px\" class=\"wp-caption aligncenter\"><img loading=\"lazy\" decoding=\"async\" aria-describedby=\"caption-attachment-549282\" class=\"size-full wp-image-549282\" src=\"https:\/\/www.diarioimagen.net\/wp-content\/uploads\/2022\/06\/valle-1.jpg\" alt=\"\" width=\"460\" height=\"270\" \/><p id=\"caption-attachment-549282\" class=\"wp-caption-text\">Cuadrillas de servicios p\u00fablicos y un plan de trabajo bien estructurado, mantienen limpias las calles y espacios p\u00fablicos de Atizap\u00e1n, Tlalnepantla y Cuautitl\u00e1n.<\/p><\/div>\n<p>&nbsp;<\/p>\n<p><strong>Valle de M\u00e9xico.\u2014<\/strong> Sin duda, garantizar el acceso a servicios urbanos de calidad, de manera segura, adecuada y accesible para los habitantes del Estado de M\u00e9xico, es una prioridad y un enorme reto de las y los alcaldes de los presentes gobiermos mexiquenses.<\/p>\n<p>Afirmaron por separado, delegados y Consejos de Participaci\u00f3n Ciudadana (Copacis) luego de destacar que \u201cen el Valle de M\u00e9xico sobresalen las acciones emprendidas por los ediles de Atizap\u00e1n, Tlalnepantla y Cuautitl\u00e1n, quienes, con las cuadrillas de servicios p\u00fablicos y un plan de trabajo bien estructurado, mantienen limpias las calles, los parques y cada espacio p\u00fablico de esas demarcaciones\u201d.<\/p>\n<p>Sin embargo, en municipios como Cuautitl\u00e1n Izcalli y Atizap\u00e1n de Zaragoza, se han complicado las jornadas de trabajo debido a que no cuentan con las herramientas y equipo necesarios para trabajar en su d\u00eda a d\u00eda.<\/p>\n<p>Carmen Olmedo, lideresa de la Central Unitaria de Trabajadores (CUT), afirm\u00f3 lo anterior tras afirmar que \u201c es de destacar que dicha problem\u00e1tica se deriva del poco inter\u00e9s y apoyo por parte de los pasados gobiernos morenistas, quienes dejaron en el olvido a la clase trabajadora suteymista y no invirtieron en este tipo de herramientas\u201d, dijo.<\/p>\n<p>Recientemente, circul\u00f3 en redes sociales unas im\u00e1genes en donde se observa como trabajadores suteymistas en esos municipios, \u201csufren\u201d al realizar sus labores por que no cuentan con las herramientas necesarias, incluso se observa que dichos trabajadores integrantes del \u00e1rea de servicios p\u00fablicos, realizan sus actividades de manera muy complicada.<\/p>\n<p>Finalmente, Olmedo Luna, puntualiz\u00f3 que \u201cel reto, primordial para todas y todos los alcaldes ser\u00e1 realizar una pronta y abundante inversi\u00f3n para adquirir m\u00e1s herramientas y con ello, mejorar sustancialmente la calidad de vida de los ciudadanos al tener mejores servicios p\u00fablicos en sus localidades\u201d, concluy\u00f3.<\/p>\n","protected":false},"excerpt":{"rendered":"<p>Sin duda, garantizar el acceso a servicios urbanos de calidad, de manera segura, adecuada y accesible para los habitantes del Estado de M\u00e9xico, es una prioridad y un enorme reto de las y los alcaldes de los presentes gobiermos mexiquenses.<\/p>\n","protected":false},"author":3,"featured_media":549282,"comment_status":"open","ping_status":"open","sticky":false,"template":"","format":"standard","meta":{"_monsterinsights_skip_tracking":false,"_monsterinsights_sitenote_active":false,"_monsterinsights_sitenote_note":"","_monsterinsights_sitenote_category":0,"footnotes":""},"categories":[5],"tags":[969,681,50459,169],"class_list":["post-549165","post","type-post","status-publish","format-standard","has-post-thumbnail","hentry","category-estado-de-mexico","tag-atizapan","tag-cuautitlan","tag-servicios-publicos","tag-tlalnepantla"],"_links":{"self":[{"href":"https:\/\/www.diarioimagen.net\/index.php?rest_route=\/wp\/v2\/posts\/549165","targetHints":{"allow":["GET"]}}],"collection":[{"href":"https:\/\/www.diarioimagen.net\/index.php?rest_route=\/wp\/v2\/posts"}],"about":[{"href":"https:\/\/www.diarioimagen.net\/index.php?rest_route=\/wp\/v2\/types\/post"}],"author":[{"embeddable":true,"href":"https:\/\/www.diarioimagen.net\/index.php?rest_route=\/wp\/v2\/users\/3"}],"replies":[{"embeddable":true,"href":"https:\/\/www.diarioimagen.net\/index.php?rest_route=%2Fwp%2Fv2%2Fcomments&post=549165"}],"version-history":[{"count":0,"href":"https:\/\/www.diarioimagen.net\/index.php?rest_route=\/wp\/v2\/posts\/549165\/revisions"}],"wp:featuredmedia":[{"embeddable":true,"href":"https:\/\/www.diarioimagen.net\/index.php?rest_route=\/wp\/v2\/media\/549282"}],"wp:attachment":[{"href":"https:\/\/www.diarioimagen.net\/index.php?rest_route=%2Fwp%2Fv2%2Fmedia&parent=549165"}],"wp:term":[{"taxonomy":"category","embeddable":true,"href":"https:\/\/www.diarioimagen.net\/index.php?rest_route=%2Fwp%2Fv2%2Fcategories&post=549165"},{"taxonomy":"post_tag","embeddable":true,"href":"https:\/\/www.diarioimagen.net\/index.php?rest_route=%2Fwp%2Fv2%2Ftags&post=549165"}],"curies":[{"name":"wp","href":"https:\/\/api.w.org\/{rel}","templated":true}]}}