{"id":549173,"date":"2022-06-08T00:01:12","date_gmt":"2022-06-08T05:01:12","guid":{"rendered":"https:\/\/www.diarioimagen.net\/?p=549173"},"modified":"2022-06-08T01:48:45","modified_gmt":"2022-06-08T06:48:45","slug":"pablo-aguilar-torres-representante-del-cptq-en-cozumel-habla-del-incremento-en-la-conectividad-en-la-isla","status":"publish","type":"post","link":"https:\/\/www.diarioimagen.net\/?p=549173","title":{"rendered":"Pablo Aguilar Torres, representante del CPTQ en Cozumel habla del incremento en la conectividad en la isla"},"content":{"rendered":"<h2>De cinco estrellas<\/h2>\n<h5>Victoria Gonz\u00e1lez Prado<\/h5>\n<p><strong>\u00a0<\/strong><\/p>\n<ul>\n<li><em><strong>Durante el Tianguis Tur\u00edstico en Acapulco, Avis present\u00f3 auto el\u00e9ctrico como opci\u00f3n de viaje sustentable<\/strong><\/em><\/li>\n<li><em><strong>Morelia en Boca llegar\u00e1 a m\u00e1s entidades para que conozcan sus sabores y sazones<\/strong><\/em><\/li>\n<\/ul>\n<p>&nbsp;<\/p>\n<div id=\"attachment_549261\" style=\"width: 470px\" class=\"wp-caption aligncenter\"><img loading=\"lazy\" decoding=\"async\" aria-describedby=\"caption-attachment-549261\" class=\"size-full wp-image-549261\" src=\"https:\/\/www.diarioimagen.net\/wp-content\/uploads\/2022\/06\/turismo-3.jpg\" alt=\"\" width=\"460\" height=\"270\" \/><p id=\"caption-attachment-549261\" class=\"wp-caption-text\">Pablo Aguilar Torres.<\/p><\/div>\n<p>&nbsp;<\/p>\n<p><strong>Pablo Aguilar Torres<\/strong>, representante del Consejo de Promoci\u00f3n Tur\u00edstica de Quintana Roo (CPTQ) en Cozumel, nos dio a conocer c\u00f3mo se ha incrementado la conectividad a\u00e9rea hacia la isla con vuelos que se reestablecen o incrementan su frecuencia a Cozumel \u2014la tercera isla m\u00e1s grande de M\u00e9xico\u2014, en este mes de junio se reestablece la ruta de <em>Southwest <\/em>desde Denver, una vez a la semana (s\u00e1bados). Desde Miami el vuelo de temporada del 7 de mayo al 3 de septiembre todos los s\u00e1bados; <em>Air Canada, <\/em>tambi\u00e9n de temporada del 10 de mayo al 6 de septiembre desde Montereal, Canad\u00e1 todos los martes; el 2 de junio pasado aterriz\u00f3 el vuelo de<em> Sun Country <\/em>procedente de Dallas, Texas, ser\u00e1 los jueves y domingos hasta el\u00a0 7 de agosto.<\/p>\n<p>Desde Austin, Texas, con <em>American Airlines<\/em> inici\u00f3 el pasado 4 junio el vuelo regular todos los s\u00e1bados. Con <em>Southwest<\/em> a partir del 11 de junio desde Austin, vuelo regular los s\u00e1bados. La misma aerol\u00ednea desde Houston incrementa \u2013s\u00e1bados\u2014 desde el 11 de junio y hasta el 3 de septiembre y despu\u00e9s en noviembre.<\/p>\n<p>Viva Aerobus desde Monterrey a partir del 1 de julio y hasta agosto, vuelo de temporada viernes y lunes. <em>Magnicharters<\/em> tambi\u00e9n desde Monterrey del 2 de julio al 20 de agosto, vuelo temporal, mi\u00e9rcoles y s\u00e1bados. American Airlines, desde Philadelphia, a partir del 5 de noviembre una frecuencia semanal, los s\u00e1bados.<\/p>\n<p><strong>Aguilar Torres<\/strong> asegur\u00f3 que con estos vuelos, Cozumel contin\u00faa reforzando la conectividad a\u00e9rea en la isla de Cozumel.<\/p>\n<p>\u2730\u2730\u2730\u2730\u2730 Es el\u00e9ctrico, diferente, innovador, elegante pero tambi\u00e9n deportivo. Su intenso color rojo llama la atenci\u00f3n, pero si te subes es espectacular. En el tablero no hay veloc\u00edmetro, no hay botones, no hay nada excepto pantalla t\u00e1ctil de 15 pulgadas y alta resoluci\u00f3n donde puedes acceder a <em>Google Maps,<\/em> <em>WiFi,<\/em> y toda la informaci\u00f3n sobre el viaje, el auto y la carga.<\/p>\n<p>Es el nuevo <em>Tesla Model 3<\/em>, nuevo integrante de la familia Avis presentado durante el Tianguis Tur\u00edstico 2022 en Acapulco, como nueva opci\u00f3n de experiencia de viaje sustentable, que marca la diferencia por ser la primera arrendadora con autos Tesla en Latinoam\u00e9rica.<\/p>\n<p><strong>Eddy Breach<\/strong>, director de Marketing; <strong>Julio \u00c1lvarez<\/strong>, director Comercial y, <strong>Luis Miguel Navarrete<\/strong>, director de Operaciones para Avis M\u00e9xico presentaron el auto y se\u00f1alaron que est\u00e1 disponible en la Ciudad de M\u00e9xico, Canc\u00fan, Guadalajara, Monterrey y M\u00e9rida.<\/p>\n<p>\u201cCon esta acci\u00f3n Avis refrenda su compromiso de conducir la innovaci\u00f3n y el avance del futuro de la movilidad; sabemos que nuestros clientes quedar\u00e1n satisfechos al elegir este auto, uno de los m\u00e1s seguros del mundo, adem\u00e1s de que no contamina y ofrece m\u00e1s de 400 kil\u00f3metros de autonom\u00eda con una sola carga\u201d.<\/p>\n<p><strong>Eddy Breach<\/strong>, al hacer uso de la palabra coment\u00f3: \u201cpara nosotros lo m\u00e1s importante son nuestros clientes y su seguridad, y eso significa que debemos estar a la vanguardia con nuestra flota. Estamos muy orgullosos de ser la primera arrendadora de autos en Latinoam\u00e9rica que cuenta con autos el\u00e9ctricos\u201d.<\/p>\n<p>Por su parte, <strong>Julio \u00c1lvarez <\/strong>y<strong> Luis Miguel Navarrete<\/strong>, agradecieron a los reunidos \u2014en el stand de Avis\u2014 conocer el nuevo auto y aseguraron que, \u201cen los \u00faltimos dos a\u00f1os, las necesidades de viaje han cambiado, y los clientes buscan controlar sus espacios y al mismo tiempo vivir experiencias de viaje con los suyos\u201d.<\/p>\n<p>No pude resistir subirme y de pronto moviendo aqu\u00ed y moviendo all\u00e1, el asiento se reclin\u00f3 casi completamente y al mirar hacia arriba pude ver el gran ventanal \u2013no quemacocos\u2014 que te permite tener gran visi\u00f3n. Entonces, Eddy o Luis Miguel, puso en la pantalla \u201cmodo chimenea\u201d y apareci\u00f3 le\u00f1a y ligero fuego que, aunque no lo creas, emit\u00eda calor. Imagine entonces, descansar despu\u00e9s de horas de manejo, con el asiento reclinado mirando al cielo y degustando, por qu\u00e9 no, una nieve de lim\u00f3n.<\/p>\n<p>As\u00ed, la nueva flota sustentable complementa la oferta que Avis M\u00e9xico tiene para sus clientes y que se adapta a las nuevas necesidades del mercado.<\/p>\n<p>\u2730\u2730\u2730\u2730\u2730 <strong>Roberto Monroy Garc\u00eda<\/strong>, secretario de Turismo del estado de Michoac\u00e1n; <strong>Fernando Figueroa<\/strong> y <strong>Fernando P\u00e9rez Vela<\/strong>, organizadores del festival <em>Morelia en Boca<\/em> y<strong> Thelma Aquique Aguirre<\/strong>, secretaria de Turismo de la capital del estado, en conferencia de prensa, anunciaron los detalles de la versi\u00f3n 12 de ese festival.<\/p>\n<p><strong>Monroy Garc\u00eda<\/strong>, asegur\u00f3 que el Festival internacional de gastronom\u00eda y vino \u201cMorelia en Boca\u201d, es el referente gastron\u00f3mico de M\u00e9xico y reconoci\u00f3 la labor realizada por los organizadores, \u201cal\u00a0 involucrar, en esta edici\u00f3n, a m\u00e1s estados, lo que permitir\u00e1 tener este intercambio de sabores y sazones\u201d, adem\u00e1s resalt\u00f3 que chefs y cocineras tradicionales ya han confirmado su participaci\u00f3n.<\/p>\n<p>Morelia en Boca es uno de los proyectos gastron\u00f3micos nacionales m\u00e1s consolidados de la industria, no solo por su permanencia sino tambi\u00e9n porque siempre busca resaltar las riquezas culturales, vinculando la gastronom\u00eda y turismo, econom\u00eda, agricultura y toda la cadena de valor alimentaria.<\/p>\n<p>\u201cEl Festival es adem\u00e1s, espacio de reflexi\u00f3n en torno a las tendencias de la gastronom\u00eda en el \u00e1mbito nacional e internacional, con la participaci\u00f3n de reconocidos chefs, promotores, conservadores e innovadores de los sabores mexicanos, bodegas de vinos, nacionales e internacionales\u201d, agreg\u00f3 el titular de Turismo de la entidad.<\/p>\n<p><strong>Thelma Aquique Aguirre<\/strong> al hacer uso de la palabra dijo que \u201cen octubre hay muchos festivales en Morelia, en particular de cine y m\u00fasica, pero el gastron\u00f3mico abre una propuesta interesante\u201d.<\/p>\n<p><strong>Fernando P\u00e9rez Vera<\/strong> y <strong>Fernando Figueroa<\/strong>, destacaron que este a\u00f1o se involucra a m\u00e1s estados con la finalidad de que conozcan este proyecto en todo el pa\u00eds.<\/p>\n<p>\u201cEl nuevo formato dar\u00e1 a\u00a0 conocer las bondades de la gastronom\u00eda de Michoac\u00e1n, considerada Patrimonio Cultural Inmaterial por la Unesco.<\/p>\n<p>El programa se\u00f1ala que en Monterrey estar\u00e1n los d\u00edas 1 y 2 de julio; Oaxaca, 15 y 16 de julio; Tlaxcala, 29 y 30 de julio; Toluca, 12 y 13 de agosto; Yucat\u00e1n (estado invitado): 25 y 27 de agosto.<\/p>\n<p>El cierre de <em>Morelia en Boca<\/em> ser\u00e1 en la capital michoacana \u2013del 7 al 9 de octubre\u2014 donde habr\u00e1 programa cultural, eventos gastron\u00f3micos con reconocidos chefs de los destinos invitados y, las Cocineras Tradicionales de Michoac\u00e1n.<\/p>\n<p>Los organizadores recordaron que en versiones anteriores el festival logr\u00f3 reunir alrededor de cinco mil personas, y para esta ocasi\u00f3n, esperan superar esa cifra para dar impulso al sector restaurantero, uno de los m\u00e1s golpeados por la pandemia.<\/p>\n<p>&nbsp;<\/p>\n<blockquote>\n<p style=\"text-align: right;\">\u201c<strong>El<\/strong> <strong>\u00e1ngel de la fama tiene sus alas hechas de papel&#8230; peri\u00f3dico\u201d.<br \/>\n<\/strong><\/p>\n<\/blockquote>\n<p>&nbsp;<\/p>\n<p><em><span class=\"Apple-converted-space\"><a href=\"mailto:victoriagprado@gmail.com\" target=\"_blank\" rel=\"noopener noreferrer\">victoriagprado@gmail.com<\/a><br \/>\nTwitter: <a href=\"https:\/\/twitter.com\/victoriagprado\" target=\"_blank\" rel=\"noopener noreferrer\">@victoriagprado<\/a><\/span><\/em><\/p>\n","protected":false},"excerpt":{"rendered":"<p><strong>Pablo Aguilar Torres<\/strong>, representante del Consejo de Promoci\u00f3n Tur\u00edstica de Quintana Roo (CPTQ) en Cozumel, nos dio a conocer c\u00f3mo se ha incrementado la conectividad a\u00e9rea hacia la isla con vuelos que se reestablecen o incrementan su frecuencia a Cozumel \u2014la tercera isla m\u00e1s grande de M\u00e9xico\u2014, en este mes de junio se reestablece la ruta de <em>Southwest <\/em>desde Denver, una vez a la semana (s\u00e1bados).<\/p>\n","protected":false},"author":3,"featured_media":549261,"comment_status":"open","ping_status":"open","sticky":false,"template":"","format":"standard","meta":{"_monsterinsights_skip_tracking":false,"_monsterinsights_sitenote_active":false,"_monsterinsights_sitenote_note":"","_monsterinsights_sitenote_category":0,"footnotes":""},"categories":[11],"tags":[107,43674,43681,106],"class_list":["post-549173","post","type-post","status-publish","format-standard","has-post-thumbnail","hentry","category-turismo","tag-de-cinco-estrellas","tag-opinion","tag-turismo","tag-victoria-gonzalez-prado"],"_links":{"self":[{"href":"https:\/\/www.diarioimagen.net\/index.php?rest_route=\/wp\/v2\/posts\/549173","targetHints":{"allow":["GET"]}}],"collection":[{"href":"https:\/\/www.diarioimagen.net\/index.php?rest_route=\/wp\/v2\/posts"}],"about":[{"href":"https:\/\/www.diarioimagen.net\/index.php?rest_route=\/wp\/v2\/types\/post"}],"author":[{"embeddable":true,"href":"https:\/\/www.diarioimagen.net\/index.php?rest_route=\/wp\/v2\/users\/3"}],"replies":[{"embeddable":true,"href":"https:\/\/www.diarioimagen.net\/index.php?rest_route=%2Fwp%2Fv2%2Fcomments&post=549173"}],"version-history":[{"count":0,"href":"https:\/\/www.diarioimagen.net\/index.php?rest_route=\/wp\/v2\/posts\/549173\/revisions"}],"wp:featuredmedia":[{"embeddable":true,"href":"https:\/\/www.diarioimagen.net\/index.php?rest_route=\/wp\/v2\/media\/549261"}],"wp:attachment":[{"href":"https:\/\/www.diarioimagen.net\/index.php?rest_route=%2Fwp%2Fv2%2Fmedia&parent=549173"}],"wp:term":[{"taxonomy":"category","embeddable":true,"href":"https:\/\/www.diarioimagen.net\/index.php?rest_route=%2Fwp%2Fv2%2Fcategories&post=549173"},{"taxonomy":"post_tag","embeddable":true,"href":"https:\/\/www.diarioimagen.net\/index.php?rest_route=%2Fwp%2Fv2%2Ftags&post=549173"}],"curies":[{"name":"wp","href":"https:\/\/api.w.org\/{rel}","templated":true}]}}