{"id":549191,"date":"2022-06-08T00:02:36","date_gmt":"2022-06-08T05:02:36","guid":{"rendered":"https:\/\/www.diarioimagen.net\/?p=549191"},"modified":"2022-06-08T01:35:00","modified_gmt":"2022-06-08T06:35:00","slug":"sale-de-tapachula-una-caravana-de-mas-de-5-mil-centroamericanos","status":"publish","type":"post","link":"https:\/\/www.diarioimagen.net\/?p=549191","title":{"rendered":"Sale de Tapachula una caravana de m\u00e1s de 5 mil centroamericanos"},"content":{"rendered":"<p>&nbsp;<\/p>\n<h3 style=\"text-align: center;\">En busca del \u201csue\u00f1o americano\u201d<\/h3>\n<p>&nbsp;<\/p>\n<ul>\n<li><strong><em>Los mantuvieron en esa ciudad fronteriza desde hace varios meses s\u00f3lo con promesas<\/em><\/strong><\/li>\n<\/ul>\n<p>&nbsp;<\/p>\n<div id=\"attachment_549249\" style=\"width: 470px\" class=\"wp-caption aligncenter\"><img loading=\"lazy\" decoding=\"async\" aria-describedby=\"caption-attachment-549249\" class=\"size-full wp-image-549249\" src=\"https:\/\/www.diarioimagen.net\/wp-content\/uploads\/2022\/06\/NUEVA-CARAVANA-MIGRANTE.jpg\" alt=\"\" width=\"460\" height=\"270\" \/><p id=\"caption-attachment-549249\" class=\"wp-caption-text\">Una nueva caravana de m\u00e1s de 5 mil migrantes centro y sudamericanos, sali\u00f3 de Tapachula, Chiapas, con destino a la frontera con Estados Unidos.<\/p><\/div>\n<p>&nbsp;<\/p>\n<p>Una caravana integrada por m\u00e1s de 5 mil migrantes, la mayor\u00eda de ellos venezolanos, salieron de Tapachula, Chiapas, donde permanec\u00edan varados, para adentrarse m\u00e1s en territorio mexicano y avanzar hacia la frontera con Estados Unidos, en busca del \u201csue\u00f1o americano\u201d.<\/p>\n<p>Aunque van hondure\u00f1os, salvadore\u00f1os, nicarag\u00fcenses, haitianos y cubanos, en esta ocasi\u00f3n el grueso del contingente que sali\u00f3 desde el parque central de Tapachula son venezolanos, quienes estuvieron en esa ciudad fronteriza desde hace d\u00edas, semanas o hasta meses.<\/p>\n<p>Con la consigna\u00a0 de que \u201clos migrantes no somos criminales, somos trabajadores internacionales\u201d, el contingente sali\u00f3 de esta ciudad, donde los intensos aguaceros se registran a diario.<\/p>\n<p>Luis Rey Garc\u00eda Villagr\u00e1n, del Centro de Derechos Humanos para la Dignificaci\u00f3n Humana de Tapachula, se\u00f1al\u00f3 que 80% de quienes van en esta caravana son venezolanos.<\/p>\n<p>Indic\u00f3 que esta marcha caravana es un acto desesperado de los migrantes varados en Tapachula, debido a que la Comisi\u00f3n Mexicana de Ayuda a Refugiados (Comar) est\u00e1 dando citas hasta agosto para revisarles sus papeles. En tanto que el Instituto Nacional de Migraci\u00f3n (INM) les ha dado citas hasta septiembre u octubre.<\/p>\n<p>Advirti\u00f3 que si el gobierno federal no acelera el proceso de atenci\u00f3n, para esos meses podr\u00edan acumularse unos 200 mil migrantes en esa ciudad fronteriza, lo que agravar\u00eda la situaci\u00f3n social.<\/p>\n<p>Garc\u00eda Villagr\u00e1n expuso que la mayor\u00eda de los migrantes viven en la indigencia, en las calles, durmiendo en las plazas y parques, y que con las fechas para citas que les han dado la Comar y el INM, ellos no podr\u00edan resistir tanto tiempo en la miseria. Muchos de estos migrantes son familias enteras, con ni\u00f1os y ni\u00f1as que viven, duermen y comen en la calle.<\/p>\n<p>Previo a esta marcha, los migrantes denunciaron ante la Comisi\u00f3n Nacional de Derechos Humanos (CNDH) la situaci\u00f3n de calle en la que viven con sus hijos e hijas, muchos de ellos. Adem\u00e1s de la campa\u00f1a de odio desatada en su contra en medios y redes sociales, pues son estigmatizados de ser \u201cinvasores\u201d, \u201casesinos\u201d, \u201cprostitutas, \u201cmareros\u201d, \u201cladrones\u201d y se les adjudican todos los males que vive esa ciudad fronteriza, de la que el INM no les permite salir.<\/p>\n<p>Fue por eso que pidieron que la CNDH dictara medidas cautelares a favor de los migrantes en su trayecto en esta marcha caravana hasta ser atendidos por el INM y no ser reprimidos con la Guardia Nacional (GN), como en muchas otras ocasiones anteriores lo han padecido.<\/p>\n<p style=\"text-align: center;\"><strong>Derechos Humanos pidi\u00f3 medidas cautelares<\/strong><\/p>\n<p>Fue as\u00ed como la CNDH solicit\u00f3 medidas cautelares a diversas autoridades federales y del estado de Chiapas, a fin de salvaguardar los derechos humanos de las ni\u00f1as, ni\u00f1os, adolescentes, mujeres embarazadas, personas mayores, con problemas de salud y con discapacidad que la integran.<\/p>\n<p>Y de manera especial, la CNDH solicit\u00f3 otorgar agua, suero hidratante, alimentaci\u00f3n, personal m\u00e9dico especializado y de primeros auxilios, medicamentos, ambulancias para conducciones a hospital, especialistas que brinden atenci\u00f3n psicol\u00f3gica, insumos de aseo personal, pa\u00f1ales desechables, entre otros, privilegiando la atenci\u00f3n de aquellas personas que se encuentran en especial situaci\u00f3n de vulnerabilidad, como lo son ni\u00f1as, ni\u00f1os y adolescentes, mujeres embarazadas y en lactancia, personas mayores o con discapacidad.<\/p>\n<p>Asimismo, la CNDH solicit\u00f3 que, ante la probable situaci\u00f3n de urgencia que se presente por el tr\u00e1nsito de la caravana en menci\u00f3n, se conforme un grupo multidisciplinario, compuesto por m\u00e9dicos, psic\u00f3logos, trabajadores sociales, abogados, entre otros, para brindar protecci\u00f3n integral a las ni\u00f1as, ni\u00f1os y adolescentes, as\u00ed como para que se determine el inter\u00e9s superior de la ni\u00f1ez y dicten las medidas de protecci\u00f3n especiales que requieran, atendiendo a la situaci\u00f3n espec\u00edfica de cada uno de ellos.<\/p>\n<p>Irineo Mujica Morga, del organismo Pueblos Sin Fronteras, dijo que son cerca de 5 mil migrantes de diferentes nacionalidades que bajo las fuertes lluvias salieron de Tapachula \u201cdespu\u00e9s de d\u00edas de enga\u00f1os y falsas promesas, redadas y represi\u00f3n\u201d, y que ahora marchan en una de las m\u00e1s grandes caravanas de 2022\u201d.<\/p>\n<p>Expuso que \u201ccomo moneda de cambio los migrantes han sido retenidos en masa en la ciudad de Tapachula, aumentando la corrupci\u00f3n, el maltrato y la persecuci\u00f3n en la frontera sur, raz\u00f3n por la que fueron forzados a salir en caravana\u201d.<\/p>\n<p>Los integrantes de esta caravana descansaron y pernoctaron en la comunidad \u00c1lvaro Obreg\u00f3n, para seguir su viaje el martes desde temprana hora.<\/p>\n","protected":false},"excerpt":{"rendered":"<p>Una caravana integrada por m\u00e1s de 5 mil migrantes, la mayor\u00eda de ellos venezolanos, salieron de Tapachula, Chiapas, donde permanec\u00edan varados, para adentrarse m\u00e1s en territorio mexicano y avanzar hacia la frontera con Estados Unidos, en busca del \u201csue\u00f1o americano\u201d.<\/p>\n","protected":false},"author":3,"featured_media":549249,"comment_status":"open","ping_status":"open","sticky":false,"template":"","format":"standard","meta":{"_monsterinsights_skip_tracking":false,"_monsterinsights_sitenote_active":false,"_monsterinsights_sitenote_note":"","_monsterinsights_sitenote_category":0,"footnotes":""},"categories":[3],"tags":[79477,177,10383,43673,82911],"class_list":["post-549191","post","type-post","status-publish","format-standard","has-post-thumbnail","hentry","category-nacional","tag-centroamericanos","tag-estados-unidos","tag-migrantes","tag-nacional","tag-sueno-americano"],"_links":{"self":[{"href":"https:\/\/www.diarioimagen.net\/index.php?rest_route=\/wp\/v2\/posts\/549191","targetHints":{"allow":["GET"]}}],"collection":[{"href":"https:\/\/www.diarioimagen.net\/index.php?rest_route=\/wp\/v2\/posts"}],"about":[{"href":"https:\/\/www.diarioimagen.net\/index.php?rest_route=\/wp\/v2\/types\/post"}],"author":[{"embeddable":true,"href":"https:\/\/www.diarioimagen.net\/index.php?rest_route=\/wp\/v2\/users\/3"}],"replies":[{"embeddable":true,"href":"https:\/\/www.diarioimagen.net\/index.php?rest_route=%2Fwp%2Fv2%2Fcomments&post=549191"}],"version-history":[{"count":0,"href":"https:\/\/www.diarioimagen.net\/index.php?rest_route=\/wp\/v2\/posts\/549191\/revisions"}],"wp:featuredmedia":[{"embeddable":true,"href":"https:\/\/www.diarioimagen.net\/index.php?rest_route=\/wp\/v2\/media\/549249"}],"wp:attachment":[{"href":"https:\/\/www.diarioimagen.net\/index.php?rest_route=%2Fwp%2Fv2%2Fmedia&parent=549191"}],"wp:term":[{"taxonomy":"category","embeddable":true,"href":"https:\/\/www.diarioimagen.net\/index.php?rest_route=%2Fwp%2Fv2%2Fcategories&post=549191"},{"taxonomy":"post_tag","embeddable":true,"href":"https:\/\/www.diarioimagen.net\/index.php?rest_route=%2Fwp%2Fv2%2Ftags&post=549191"}],"curies":[{"name":"wp","href":"https:\/\/api.w.org\/{rel}","templated":true}]}}