{"id":549215,"date":"2022-06-08T00:03:58","date_gmt":"2022-06-08T05:03:58","guid":{"rendered":"https:\/\/www.diarioimagen.net\/?p=549215"},"modified":"2022-06-08T00:55:43","modified_gmt":"2022-06-08T05:55:43","slug":"fuera-injerencismo","status":"publish","type":"post","link":"https:\/\/www.diarioimagen.net\/?p=549215","title":{"rendered":"\u00bfFuera injerencismo?"},"content":{"rendered":"<h2>Espacio Electoral<\/h2>\n<h5>Eleazar Flores<\/h5>\n<p>&nbsp;<\/p>\n<p><strong>PERO EN SERIO-.<\/strong> Cuando el presidente Andr\u00e9s Manuel L\u00f3pez Obrador\u00a0 clama y reclama \u201cfuera injerencismo\u201d, habr\u00e1 que creerle a pie juntillas, pidi\u00e9ndole adem\u00e1s que predique con el ejemplo, pues no hay forma m\u00e1s eficaz de convencer, recuerde <em>verba vincent, exempla traunt.<\/em><\/p>\n<p>Totalmente de acuerdo con el padre de la \u201ccuarta transtornaci\u00f3n\u201d, s\u00f3lo que da la peque\u00f1a casualidad\u00a0 que sus hechos, nacionales e internacionales no corresponden a la cruda realidad.<\/p>\n<p>EJEMPLOS-. El m\u00e1s reciente ejemplo de injerencismo presidencial lo dio el tabasque\u00f1o cuando desde <em>chilang\u00f3polis<\/em> apoy\u00f3 al candidato presidencial colombiano Gustavo Petro, que qued\u00f3 como finalista para la segunda vuelta el pr\u00f3ximo 19 de junio, siendo el otro rival el outsider Rodolfo Hern\u00e1ndez. El primero obtuvo 40.52 por ciento, por 27.93 del segundo.<\/p>\n<p>El mandatario mexicano apoy\u00f3 abiertamente a Petro, calific\u00e1ndolo de luchador social y comparando su lucha con la que el tabasque\u00f1o enfrent\u00f3 cuando estuvo como enarbolador declarante contra el gobierno en turno.<\/p>\n<p>No s\u00f3lo este espacio, al d\u00eda siguiente el gobierno colombiano y los medios de aqu\u00e9l pa\u00eds dieron cuenta del calificativo dado a L\u00f3pez Obrador de injerencista, aconsej\u00e1ndole que los asuntos de Colombia est\u00e1n en manos de los colombianos, de nadie m\u00e1s.<\/p>\n<p>A nivel dom\u00e9stico, ya no es noticia el injerencismo presidencial, sea en los partidos pol\u00edticos de oposici\u00f3n, poderes como el judicial u organismos aut\u00f3nomos como el INE, entre otros, donde un d\u00eda s\u00ed y el otro tambi\u00e9n, sugiere c\u00f3mo hacer las cosas. De los medios de comunicaci\u00f3n ni hablar, cr\u00edtica a los que lo critican, calific\u00e1ndolos de conservadores, fif\u00eds o mafia del poder.<\/p>\n<p><strong>INJERENCISMO APOYADOR-.<\/strong> En los hechos no s\u00f3lo con palabras, el padre de la \u201ccuarta trastornaci\u00f3n\u201d avala los reg\u00edmenes latinoamericano m\u00e1s cuestionados desde el punto de vista democr\u00e1tico, siendo ejemplo acabado de lo anterior los \u201cdemocr\u00e1ticos\u201d Cuba, Venezuela y Nicaragua. El primero encarcelando a opositores en plena visita del tabasque\u00f1o, el segundo con su evidente avasallamiento contra sus opositores y el nicarag\u00fcense que \u201capenas\u201d lleva veinte a\u00f1os gobernando, Daniel Ortega, el otrora guerrillero de izquierda.<\/p>\n<p>Sin decirlo, y menos abiertamente, el presidente Andr\u00e9s Manuel L\u00f3pez Obrador no acude a la Cumbre de las Am\u00e9ricas que se celebra en los Estados Unidos, dado que a los gobiernos de Cuba, Venezuela y Nicaragua no se les invit\u00f3.<\/p>\n<p>\u00bfY no fue injerencismo mexicano al sugerir al gobierno norteamericano decirle a qu\u00e9 pa\u00edses invitar a esta reuni\u00f3n?, s\u00f3lo es pregunta.<\/p>\n<p>Con o sin M\u00e9xico, ni Venezuela ni Cuba ni Nicaragua, la Cumbre de las Am\u00e9ricas aportar\u00e1 pocas novedades en materia de pol\u00edtica internacional, pero desde luego que habr\u00e1 consecuencias, no inmediatas por razones obvias, de las que M\u00e9xico tardar\u00e1 en reponerse, as\u00ed lo niegue nuestro gobierno, al tiempo.<\/p>\n<p><em><a href=\"mailto:elefa44@gmail.com\" target=\"_blank\" rel=\"noopener noreferrer\">elefa44@gmail.com<\/a><\/em><\/p>\n","protected":false},"excerpt":{"rendered":"<p><span style=\"color: #005497;\"><strong>Eleazar Flores<\/strong><\/span><\/p>\n","protected":false},"author":3,"featured_media":0,"comment_status":"open","ping_status":"open","sticky":false,"template":"","format":"standard","meta":{"_monsterinsights_skip_tracking":false,"_monsterinsights_sitenote_active":false,"_monsterinsights_sitenote_note":"","_monsterinsights_sitenote_category":0,"footnotes":""},"categories":[81743],"tags":[81744,81776,43674],"class_list":["post-549215","post","type-post","status-publish","format-standard","hentry","category-eleazar-flores","tag-eleazar-flores","tag-espacio-electoral","tag-opinion"],"_links":{"self":[{"href":"https:\/\/www.diarioimagen.net\/index.php?rest_route=\/wp\/v2\/posts\/549215","targetHints":{"allow":["GET"]}}],"collection":[{"href":"https:\/\/www.diarioimagen.net\/index.php?rest_route=\/wp\/v2\/posts"}],"about":[{"href":"https:\/\/www.diarioimagen.net\/index.php?rest_route=\/wp\/v2\/types\/post"}],"author":[{"embeddable":true,"href":"https:\/\/www.diarioimagen.net\/index.php?rest_route=\/wp\/v2\/users\/3"}],"replies":[{"embeddable":true,"href":"https:\/\/www.diarioimagen.net\/index.php?rest_route=%2Fwp%2Fv2%2Fcomments&post=549215"}],"version-history":[{"count":0,"href":"https:\/\/www.diarioimagen.net\/index.php?rest_route=\/wp\/v2\/posts\/549215\/revisions"}],"wp:attachment":[{"href":"https:\/\/www.diarioimagen.net\/index.php?rest_route=%2Fwp%2Fv2%2Fmedia&parent=549215"}],"wp:term":[{"taxonomy":"category","embeddable":true,"href":"https:\/\/www.diarioimagen.net\/index.php?rest_route=%2Fwp%2Fv2%2Fcategories&post=549215"},{"taxonomy":"post_tag","embeddable":true,"href":"https:\/\/www.diarioimagen.net\/index.php?rest_route=%2Fwp%2Fv2%2Ftags&post=549215"}],"curies":[{"name":"wp","href":"https:\/\/api.w.org\/{rel}","templated":true}]}}