{"id":549308,"date":"2022-06-09T00:06:12","date_gmt":"2022-06-09T05:06:12","guid":{"rendered":"https:\/\/www.diarioimagen.net\/?p=549308"},"modified":"2022-06-09T22:03:34","modified_gmt":"2022-06-10T03:03:34","slug":"uaemex-fundamental-en-la-formacion-de-las-juventudes-mexiquenses","status":"publish","type":"post","link":"https:\/\/www.diarioimagen.net\/?p=549308","title":{"rendered":"UAEM\u00e9x, fundamental en la formaci\u00f3n de las juventudes mexiquenses"},"content":{"rendered":"<p>&nbsp;<\/p>\n<ul>\n<li><strong><em>El Secretario General de Gobierno, Ernesto Nemer \u00c1lvarez, destac\u00f3 que la M\u00e1xima Casa de Estudios mexiquense se ha consolidado como una instituci\u00f3n con un claro sentido social<\/em><\/strong><\/li>\n<\/ul>\n<p>&nbsp;<\/p>\n<div id=\"attachment_549400\" style=\"width: 470px\" class=\"wp-caption aligncenter\"><img loading=\"lazy\" decoding=\"async\" aria-describedby=\"caption-attachment-549400\" class=\"size-full wp-image-549400\" src=\"https:\/\/www.diarioimagen.net\/wp-content\/uploads\/2022\/06\/uaem-6.jpg\" alt=\"\" width=\"460\" height=\"326\" \/><p id=\"caption-attachment-549400\" class=\"wp-caption-text\">En la primera edici\u00f3n de la convocatoria Becas Ciencia-Edom\u00e9x se otorgaron m\u00e1s de cinco mil apoyos, de los cuales uno de cada cuatro se dieron a estudiantes de la UAEM\u00e9x.<\/p><\/div>\n<p>&nbsp;<\/p>\n<p><strong>Toluca, Estado de M\u00e9xico.-<\/strong> Tras concretar el regreso a las actividades escolares en modalidad presencial, en beneficio de las juventudes de la entidad, la Universidad Aut\u00f3noma del Estado de M\u00e9xico (UAEM\u00e9x) se consolida como una instituci\u00f3n fundamental para la sociedad, coincidieron el rector de la M\u00e1xima Casa de Estudios mexiquense, Carlos Eduardo Barrera D\u00edaz y el Secretario General de Gobierno, Ernesto Nemer \u00c1lvarez, durante la primera entrega de Becas Ciencia-Edom\u00e9x en el Edificio Hist\u00f3rico de Rector\u00eda.<\/p>\n<p>El rector enfatiz\u00f3 que la Aut\u00f3noma mexiquense y el Gobierno Estatal deben asumir la responsabilidad de elevar el n\u00famero de profesionistas que influyan en el progreso econ\u00f3mico y el desarrollo social de la entidad. Por ello, la Beca Ciencia-Edom\u00e9x es un impulso innovador, orientado a incentivar la formaci\u00f3n de las y los profesionales que requiere el Estado.<\/p>\n<p>\u201cNuestra entidad es la m\u00e1s poblada del pa\u00eds y por ello, tenemos que hacer esfuerzos extraordinarios para que no solo seamos la poblaci\u00f3n m\u00e1s numerosa, sino tambi\u00e9n la mejor educada del pa\u00eds\u201d asegur\u00f3.<\/p>\n<p>El titular de la Secretar\u00eda General de Gobierno felicit\u00f3 a las y los galardonados por su esfuerzo para concretar sus sue\u00f1os profesionales y culminar sus estudios. En este sentido, destac\u00f3 que para consolidar el desarrollo de las mujeres en la ciencia, 6 de cada 10 becas fueron otorgadas a las estudiantes que cursan el nivel superior.<\/p>\n<p>Abund\u00f3 que la M\u00e1xima Casa de Estudios mexiquense se ha consolidado como una instituci\u00f3n con un claro sentido social. \u201cLas y los mexiquenses sabemos que en sus aulas y laboratorios trabajan todos los d\u00edas en el dise\u00f1o del porvenir\u201d, subray\u00f3.<\/p>\n<p>Durante su intervenci\u00f3n, el Director General del Consejo Mexiquense de Ciencia y Tecnolog\u00eda (COMECYT), Bernardo Jorge Almaraz Calder\u00f3n, expres\u00f3 que la educaci\u00f3n p\u00fablica es la mayor apuesta para el Estado de M\u00e9xico, por ello se cre\u00f3 la Beca Ciencia-Edom\u00e9x para estudios de licenciatura.<\/p>\n<p>En representaci\u00f3n de las y los beneficiarios, la alumna de la Facultad de Qu\u00edmica, M\u00f3nica Enriquez Moralez, mencion\u00f3 que estos apoyos son muestra de que existe una instituci\u00f3n que apoya los sue\u00f1os y\u00a0 la pasi\u00f3n de las y los j\u00f3venes que desean continuar con sus estudios de licenciatura.<\/p>\n<p>En la primera edici\u00f3n de esta convocatoria se otorgaron m\u00e1s de cinco mil becas, de las cuales una de cada cuatro -es decir, el 25 por ciento- se otorgaron a estudiantes de la UAEM\u00e9x, lo que equivale a mil 311 est\u00edmulos.<\/p>\n","protected":false},"excerpt":{"rendered":"<p>Tras concretar el regreso a las actividades escolares en modalidad presencial, en beneficio de las juventudes de la entidad, la Universidad Aut\u00f3noma del Estado de M\u00e9xico (UAEM\u00e9x) se consolida como una instituci\u00f3n fundamental para la sociedad, coincidieron el rector de la M\u00e1xima Casa de Estudios mexiquense, Carlos Eduardo Barrera D\u00edaz y el Secretario General de Gobierno, Ernesto Nemer \u00c1lvarez, durante la primera entrega de Becas Ciencia-Edom\u00e9x en el Edificio Hist\u00f3rico de Rector\u00eda.\u00a0<\/p>\n","protected":false},"author":3,"featured_media":549401,"comment_status":"open","ping_status":"open","sticky":false,"template":"","format":"standard","meta":{"_monsterinsights_skip_tracking":false,"_monsterinsights_sitenote_active":false,"_monsterinsights_sitenote_note":"","_monsterinsights_sitenote_category":0,"footnotes":""},"categories":[5],"tags":[76737,94771,67878],"class_list":["post-549308","post","type-post","status-publish","format-standard","has-post-thumbnail","hentry","category-estado-de-mexico","tag-formacion","tag-juventudes","tag-uaemex"],"_links":{"self":[{"href":"https:\/\/www.diarioimagen.net\/index.php?rest_route=\/wp\/v2\/posts\/549308","targetHints":{"allow":["GET"]}}],"collection":[{"href":"https:\/\/www.diarioimagen.net\/index.php?rest_route=\/wp\/v2\/posts"}],"about":[{"href":"https:\/\/www.diarioimagen.net\/index.php?rest_route=\/wp\/v2\/types\/post"}],"author":[{"embeddable":true,"href":"https:\/\/www.diarioimagen.net\/index.php?rest_route=\/wp\/v2\/users\/3"}],"replies":[{"embeddable":true,"href":"https:\/\/www.diarioimagen.net\/index.php?rest_route=%2Fwp%2Fv2%2Fcomments&post=549308"}],"version-history":[{"count":0,"href":"https:\/\/www.diarioimagen.net\/index.php?rest_route=\/wp\/v2\/posts\/549308\/revisions"}],"wp:featuredmedia":[{"embeddable":true,"href":"https:\/\/www.diarioimagen.net\/index.php?rest_route=\/wp\/v2\/media\/549401"}],"wp:attachment":[{"href":"https:\/\/www.diarioimagen.net\/index.php?rest_route=%2Fwp%2Fv2%2Fmedia&parent=549308"}],"wp:term":[{"taxonomy":"category","embeddable":true,"href":"https:\/\/www.diarioimagen.net\/index.php?rest_route=%2Fwp%2Fv2%2Fcategories&post=549308"},{"taxonomy":"post_tag","embeddable":true,"href":"https:\/\/www.diarioimagen.net\/index.php?rest_route=%2Fwp%2Fv2%2Ftags&post=549308"}],"curies":[{"name":"wp","href":"https:\/\/api.w.org\/{rel}","templated":true}]}}