{"id":549311,"date":"2022-06-09T00:05:40","date_gmt":"2022-06-09T05:05:40","guid":{"rendered":"https:\/\/www.diarioimagen.net\/?p=549311"},"modified":"2022-06-09T22:02:58","modified_gmt":"2022-06-10T03:02:58","slug":"uaemex-contribuye-a-la-formacion-de-profesionales-dedicados-a-ejercer-y-defender-la-libertad-de-expresion","status":"publish","type":"post","link":"https:\/\/www.diarioimagen.net\/?p=549311","title":{"rendered":"UAEM\u00e9x contribuye a la formaci\u00f3n de profesionales dedicados a ejercer y defender la libertad de expresi\u00f3n"},"content":{"rendered":"<p>&nbsp;<\/p>\n<div id=\"attachment_549403\" style=\"width: 470px\" class=\"wp-caption aligncenter\"><img loading=\"lazy\" decoding=\"async\" aria-describedby=\"caption-attachment-549403\" class=\"size-full wp-image-549403\" src=\"https:\/\/www.diarioimagen.net\/wp-content\/uploads\/2022\/06\/uaem-2-1.jpg\" alt=\"\" width=\"460\" height=\"270\" \/><p id=\"caption-attachment-549403\" class=\"wp-caption-text\">El rector de la Aut\u00f3noma mexiquense, Carlos Eduardo Barrera D\u00edaz, encabez\u00f3 la ceremonia conmemorativa con motivo del \u201cD\u00eda de la Libertad de Expresi\u00f3n\u201d.<\/p><\/div>\n<p>&nbsp;<\/p>\n<p><strong>Toluca, Estado de M\u00e9xico.\u2014<\/strong> La salvaguarda de las sociedades libres s\u00f3lo pueden florecer si la ciudadan\u00eda y el Estado respetan y promueven la libertad de expresi\u00f3n, as\u00ed como el derecho a la informaci\u00f3n, asegur\u00f3 el rector de la Universidad Aut\u00f3noma del Estado de M\u00e9xico (UAEM\u00e9x), Carlos Eduardo Barrera D\u00edaz, al encabezar la ceremonia conmemorativa por el \u201cD\u00eda de la Libertad de Expresi\u00f3n\u201d.<\/p>\n<p>En ese sentido, asegur\u00f3 que la Aut\u00f3noma mexiquense ha contribuido hist\u00f3ricamente con la formaci\u00f3n de profesionales dedicados a promover y defender la libertad de expresi\u00f3n en distintos \u00e1mbitos de conocimiento, lo cual fortalece sociedades m\u00e1s justas y m\u00e1s libres.<\/p>\n<p>\u201cUn ambiente de paz y libertad es condici\u00f3n para la conformaci\u00f3n de sociedades democr\u00e1ticas y justas, es por ello que todos estamos convocados a seguir promoviendo y ejerciendo el acceso a la informaci\u00f3n y a la libertad de expresi\u00f3n, sin los cuales, tampoco, no puede haber un libre examen de las ideas, condici\u00f3n indispensable del progreso y la justicia\u201d indic\u00f3.<\/p>\n<p>En el \u201cMonumento a la Libertad de Expresi\u00f3n\u201d ubicado en la Facultad de Ciencias Pol\u00edticas y Sociales de la UAEM\u00e9x, Barrera D\u00edaz acompa\u00f1ado de la directora de este organismo acad\u00e9mico, Laura Benhumea Gonz\u00e1lez; del secretario de Rector\u00eda, Marco Aurelio Cienfuegos Terr\u00f3n; de la directora de Comunicaci\u00f3n Universitaria, Ginarely Valencia Alc\u00e1ntara; del presidente de la Asociaci\u00f3n de Periodistas del Valle de Toluca, Sergio Villafuerte; de la Oficial del Programa de Protecci\u00f3n y Defensa en la organizaci\u00f3n \u201cArt\u00edculo 19\u201d, Paula Saucedo Ruiz; del coordinador de la Licenciatura en Comunicaci\u00f3n, Emilio Castellanos \u00c1lvarez; y la viuda del periodista Javier Valdez, Griselda Triana; el rector de la UAEM\u00e9x realiz\u00f3 una guardia solemne para conmemorar esta fecha.<\/p>\n<p>Barrera D\u00edaz agreg\u00f3 que la UAEM\u00e9x seguir\u00e1 colaborando con el gremio period\u00edstico, encontrando maneras conjuntas y formas innovadoras de contribuir a la especializaci\u00f3n, actualizaci\u00f3n y profesionalizaci\u00f3n de las y los periodistas.<\/p>\n<p>En su oportunidad, Valencia Alc\u00e1ntara afirm\u00f3 que la libertad de expresi\u00f3n es un pilar fundamental de la democracia y el periodismo es garante de ello, por lo que las limitaciones al trabajo period\u00edstico debe ser de inter\u00e9s p\u00fablico porque las repercusiones son para toda la sociedad.<\/p>\n<p>En coincidencia, Villafuerte indic\u00f3 que ninguna libertad de expresi\u00f3n es v\u00e1lida y aut\u00e9ntica si esto equivale a ser perseguido, defenestrado o expuesto a la acci\u00f3n del crimen.<\/p>\n<p>En ese contexto, Saucedo D\u00edaz invit\u00f3 a los presentes a reflexionar sobre la violencia hacia los periodistas en M\u00e9xico que en lo que va del 2022 suman 11 periodistas asesinados de los cuales, en ocho casos, la organizaci\u00f3n Art\u00edculo 19 pudo constatar que estuvieron vinculados a la labor period\u00edstica.<\/p>\n<p>Tras la ceremonia conmemorativa, se proyect\u00f3 el documental \u201cDos rel\u00e1mpagos al alba\u201d el cual fue dirigido por Coizta Grecko y Juan Castro Gessner, con guion y conducci\u00f3n de T\u00e9moris Grecko, en el que se expone el asesinato del periodista Francisco Pacheco Beltr\u00e1n, acaecido en 2016 en Taxco, Guerrero.<\/p>\n<p>En el conversatorio \u201cLibertad de expresi\u00f3n bajo acecho\u201d participaron el representante de M\u00e9xico en el Comit\u00e9 para la Protecci\u00f3n de Periodistas, Jan-Albert Hoosten; la Oficial del Programa de Protecci\u00f3n y Defensa en la Organizaci\u00f3n Art\u00edculo 19, Paula Maria Saucedo Ruiz; el director editorial de Viceversa Noticias, Miguel \u00c1ngel Alvarado L\u00f3pez; la directora Ejecutiva de Defensores de la Democracia, Alejandra Ibarra Chaoul y como moderadora la Defensora de Derechos de las Personas Defensoras de Derechos Humanos y Periodistas, Priscilla Pacheco Romero.<\/p>\n<p>El acto conmemorativo fue cerrado con las palabras y reflexiones de Griselda Triana, esposa del periodista asesinado, Javier Valdez, sobre el ejercicio period\u00edstico y la violencia que sufre este gremio en el ejercicio de su actividad informativa.<\/p>\n","protected":false},"excerpt":{"rendered":"<p>La salvaguarda de las sociedades libres s\u00f3lo pueden florecer si la ciudadan\u00eda y el Estado respetan y promueven la libertad de expresi\u00f3n, as\u00ed como el derecho a la informaci\u00f3n, asegur\u00f3 el rector de la Universidad Aut\u00f3noma del Estado de M\u00e9xico (UAEM\u00e9x), Carlos Eduardo Barrera D\u00edaz, al encabezar la ceremonia conmemorativa por el \u201cD\u00eda de la Libertad de Expresi\u00f3n\u201d.<\/p>\n","protected":false},"author":3,"featured_media":549403,"comment_status":"open","ping_status":"open","sticky":false,"template":"","format":"standard","meta":{"_monsterinsights_skip_tracking":false,"_monsterinsights_sitenote_active":false,"_monsterinsights_sitenote_note":"","_monsterinsights_sitenote_category":0,"footnotes":""},"categories":[5],"tags":[43675,87453,17041,452],"class_list":["post-549311","post","type-post","status-publish","format-standard","has-post-thumbnail","hentry","category-estado-de-mexico","tag-estado-de-mexico","tag-expresion","tag-libertad","tag-toluca"],"_links":{"self":[{"href":"https:\/\/www.diarioimagen.net\/index.php?rest_route=\/wp\/v2\/posts\/549311","targetHints":{"allow":["GET"]}}],"collection":[{"href":"https:\/\/www.diarioimagen.net\/index.php?rest_route=\/wp\/v2\/posts"}],"about":[{"href":"https:\/\/www.diarioimagen.net\/index.php?rest_route=\/wp\/v2\/types\/post"}],"author":[{"embeddable":true,"href":"https:\/\/www.diarioimagen.net\/index.php?rest_route=\/wp\/v2\/users\/3"}],"replies":[{"embeddable":true,"href":"https:\/\/www.diarioimagen.net\/index.php?rest_route=%2Fwp%2Fv2%2Fcomments&post=549311"}],"version-history":[{"count":0,"href":"https:\/\/www.diarioimagen.net\/index.php?rest_route=\/wp\/v2\/posts\/549311\/revisions"}],"wp:featuredmedia":[{"embeddable":true,"href":"https:\/\/www.diarioimagen.net\/index.php?rest_route=\/wp\/v2\/media\/549403"}],"wp:attachment":[{"href":"https:\/\/www.diarioimagen.net\/index.php?rest_route=%2Fwp%2Fv2%2Fmedia&parent=549311"}],"wp:term":[{"taxonomy":"category","embeddable":true,"href":"https:\/\/www.diarioimagen.net\/index.php?rest_route=%2Fwp%2Fv2%2Fcategories&post=549311"},{"taxonomy":"post_tag","embeddable":true,"href":"https:\/\/www.diarioimagen.net\/index.php?rest_route=%2Fwp%2Fv2%2Ftags&post=549311"}],"curies":[{"name":"wp","href":"https:\/\/api.w.org\/{rel}","templated":true}]}}