{"id":549313,"date":"2022-06-09T00:01:42","date_gmt":"2022-06-09T05:01:42","guid":{"rendered":"https:\/\/www.diarioimagen.net\/?p=549313"},"modified":"2022-06-09T22:03:51","modified_gmt":"2022-06-10T03:03:51","slug":"amlo-reta-a-senadores-de-eu-a-probar-supuestos-nexos-con-el-narco","status":"publish","type":"post","link":"https:\/\/www.diarioimagen.net\/?p=549313","title":{"rendered":"AMLO reta a senadores de EU a probar supuestos nexos con el \u201cnarco\u201d"},"content":{"rendered":"<p>&nbsp;<\/p>\n<ul>\n<li><strong><em>Arremete contra los republicanos Marco Rubio y Ted Cruz<\/em><\/strong><\/li>\n<\/ul>\n<p>&nbsp;<\/p>\n<div id=\"attachment_549405\" style=\"width: 470px\" class=\"wp-caption aligncenter\"><img loading=\"lazy\" decoding=\"async\" aria-describedby=\"caption-attachment-549405\" class=\"size-full wp-image-549405\" src=\"https:\/\/www.diarioimagen.net\/wp-content\/uploads\/2022\/06\/amlo-2.jpg\" alt=\"\" width=\"460\" height=\"270\" \/><p id=\"caption-attachment-549405\" class=\"wp-caption-text\">El presidente Andr\u00e9s Manuel L\u00f3pez Obrador ret\u00f3 a senadores republicanos de EU a comprobar sus acusaciones de supuestos nexos con el \u201cnarco\u201d.<\/p><\/div>\n<p>&nbsp;<\/p>\n<p>Desde Palacio Nacional, el presidente Andr\u00e9s Manuel L\u00f3pez Obrador respondi\u00f3 a los se\u00f1alamientos del senador estadounidense Marco Rubio de supuestos nexos con el \u201cnarco\u201d y de apoyar dictaduras en Am\u00e9rica Latina y lo urgi\u00f3 a presentar las pruebas de ello.<\/p>\n<p>\u201cEste se\u00f1or Ted Cruz diciendo que se celebra el que yo no asista a la Cumbre (de las Am\u00e9ricas) porque yo protejo. Dictadores \u2026 no los identifico bien, pero ese se\u00f1or Rubio pertenece al Partido Republicano, pero todav\u00eda Ted Cruz le a\u00f1adi\u00f3 que s\u00f3lo no protejo a dictaduras, sino que permit\u00ed a narcotr\u00e1fico que dominara en un amplio territorio de M\u00e9xico.<\/p>\n<p>\u201cYo le digo al se\u00f1or Ted Cruz, a Marco Rubio, pero tambi\u00e9n al otro, a los dos, que presenten pruebas, porque yo s\u00ed tengo pruebas de que el se\u00f1or Ted Cruz, senador de Texas, de origen hispano, que obtiene sus votos por los hispanos. Yo lo emplaz\u00f3 a que presente las pruebas, de lo que est\u00e1 diciendo, porque yo s\u00ed tengo pruebas de que a \u00e9l le han dado dinero los que est\u00e1n a favor de la fabricaci\u00f3n de armas en Estados Unidos y de que no haya ninguna prohibici\u00f3n para la venta de armas, yo tengo la pruebas.<\/p>\n<p>El a\u00f1o pasado, creo que le dieron como 120 mil d\u00f3lares la fundaci\u00f3n esta, llamada la Asociaci\u00f3n Nacional del Rifle, pero estos son republicanos, estos dos, tambi\u00e9n un dem\u00f3crata, se\u00f1or Mel\u00e9ndez que fue el que pr\u00e1cticamente amenaz\u00f3 de que no iba a votar a favor de las iniciativas del presidente Biden si se invita a todos los pa\u00edses de Am\u00e9rica a la llamada Cumbre de las Am\u00e9ricas (\u2026) Entonces esa es la respuesta: \u00bfCu\u00e1l es mi vinculaci\u00f3n con el narcotr\u00e1fico en M\u00e9xico? Yo no soy Felipe Calder\u00f3n, aunque no les guste, no s\u00f3lo a sus m\u00e1s cercanos simpatizantes, sino a que muchos que votaron por \u00e9l, pero hay que saber rectificar no caer en la autocomplacencia\u201d, dijo.<\/p>\n<p>De acuerdo con Rubio, de origen cubano, presuntamente L\u00f3pez Obrador entreg\u00f3 diversas secciones del pa\u00eds a c\u00e1rteles de la droga.<\/p>\n<p>Adem\u00e1s, se\u00f1al\u00f3 al titular del Ejecutivo federal de ser \u201cun apologista de la tiran\u00eda en Cuba, de un dictador asesino en Nicaragua y de un narcotraficante en Venezuela\u201d. L\u00f3pez Obrador adem\u00e1s cuestion\u00f3 al tambi\u00e9n senador republicano, Ted Cruz -quien lo ha criticado en diversas ocasiones por la violencia en M\u00e9xico- por su oposici\u00f3n a invitar a Cuba a la Cumbre de las Am\u00e9ricas por violaciones a Derechos Humanos, pero en la pr\u00e1ctica apoy\u00f3 el que Estados Unidos entregara 40 mil millones de d\u00f3lares a Ucrania, de los cuales la mitad fueron destinados para asistencia militar.<\/p>\n<p>L\u00f3pez Obrador adem\u00e1s cuestion\u00f3 al senador dem\u00f3crata Robert Bob Men\u00e9ndez, de origen cubano, de oponerse a invitar a Cuba a la Cumbre de las Am\u00e9ricas y de ejercer presi\u00f3n en contra del presidente de Estados Unidos, Joe Biden.<\/p>\n<p>\u201cOjal\u00e1 nuestros paisanos tomen nota porque antes no se hablaba de estos temas, dice L\u00f3pez Obrador al hacer un llamado a los mexicanos en EU a no apoyar a gente de malas entra\u00f1as que no tienen ideales ni principios y act\u00faan de mala fe\u201d, en referencia al senador Ted Cruz.<\/p>\n<p>Al igual que hace unos d\u00edas, el presidente de la Rep\u00fablica justific\u00f3 que el presidente Joe Biden no haya invitado a los gobiernos de Cuba, Venezuela y Nicaragua al se\u00f1alar que est\u00e1 sometido a diversas presiones por parte del Congreso de su pa\u00eds reproch\u00f3 que se est\u00e9 privilegiando el env\u00edo de armas a Ucrania para enfrentar su conflicto con Rusia y la ayuda a Centroam\u00e9rica por 4 mil millones de d\u00f3lares no fluya desde hace dos a\u00f1os.<\/p>\n<p>\u201cLlevamos 5 a\u00f1os, para no echarle la culpa a este Gobierno de Estados Unidos, sino desde el Gobierno del Presidente Trump, que se habl\u00f3 de 4 mil mdd y en 4 o 5 a\u00f1os no han destinado nada. En cambio, autorizaron los legisladores de Estados Unidos, esos que hablan de que les preocupan los derechos humanos\u201d, dijo L\u00f3pez Obrador.<\/p>\n<p style=\"text-align: center;\"><strong>\u201cClaro que s\u00ed hay tiro\u201d: L\u00f3pez Obrador a oposici\u00f3n, rumbo a 2024<\/strong><\/p>\n<p>En otro tema, el presidente L\u00f3pez Obrador asegur\u00f3 que \u201cs\u00ed hay tiro\u201d con la oposici\u00f3n, de cara a las elecciones de 2024, pero les pidi\u00f3 hacer propuestas y fijarse en tres puntos para convencer a la ciudadan\u00eda: fijarse qui\u00e9n es el candidato, cu\u00e1l es el programa y el partido.<\/p>\n<p>\u201cEn pol\u00edtica no se puede decir que nada es irreversible y en la democracia menos porque es el pueblo el que manda y nada en pol\u00edtica y habiendo democracia es eterno, no, pero hay que convencer, hay que argumentar, hay que hacer propuestas\u201d, dijo.<\/p>\n<p>Agreg\u00f3 que tras los comicios del domingo la oposici\u00f3n debe hacer una revisi\u00f3n, ya que la pol\u00edtica actual no les ha funcionado. \u201cNosotros siempre vamos a respetar el derecho a disentir y nosotros lo que queremos es que haya democracia y no pensamiento \u00fanico, pero que no nos echen la culpa a nosotros si ellos no hacen su trabajo\u201d..<\/p>\n<p style=\"text-align: center;\"><strong>AMLO pide revisar caso C\u00e9sar Duarte para que no se omitan delitos<\/strong><\/p>\n<p>Luego de la extradici\u00f3n del ex gobernador de Chihuahua a M\u00e9xico, C\u00e9sar Duarte, el Presidente pidi\u00f3 que se revise su caso para que no se omitan posibles delitos en su caso, y sea juzgado por todos los cr\u00edmenes que presuntamente cometi\u00f3. Pidi\u00f3 confiar en las autoridades y asegur\u00f3 que el gobierno no actuar\u00e1 \u201ccomo alcahuetes\u201d.<\/p>\n<p>\u201cTengo informaci\u00f3n de que se le puede juzgar por todos los presuntos delitos que cometi\u00f3. De todas maneras voy a hacer una revisi\u00f3n para que no vaya a omitirse el que existen posibles delitos\u201d, dijo.<\/p>\n","protected":false},"excerpt":{"rendered":"<p>Desde Palacio Nacional, el presidente Andr\u00e9s Manuel L\u00f3pez Obrador respondi\u00f3 a los se\u00f1alamientos del senador estadounidense Marco Rubio de supuestos nexos con el \u201cnarco\u201d y de apoyar dictaduras en Am\u00e9rica Latina y lo urgi\u00f3 a presentar las pruebas de ello.<\/p>\n","protected":false},"author":3,"featured_media":549405,"comment_status":"open","ping_status":"open","sticky":false,"template":"","format":"standard","meta":{"_monsterinsights_skip_tracking":false,"_monsterinsights_sitenote_active":false,"_monsterinsights_sitenote_note":"","_monsterinsights_sitenote_category":0,"footnotes":""},"categories":[3],"tags":[2545,2786,44,43673,1220,95662],"class_list":["post-549313","post","type-post","status-publish","format-standard","has-post-thumbnail","hentry","category-nacional","tag-amlo","tag-eu","tag-mexico","tag-nacional","tag-narco","tag-narcoestado"],"_links":{"self":[{"href":"https:\/\/www.diarioimagen.net\/index.php?rest_route=\/wp\/v2\/posts\/549313","targetHints":{"allow":["GET"]}}],"collection":[{"href":"https:\/\/www.diarioimagen.net\/index.php?rest_route=\/wp\/v2\/posts"}],"about":[{"href":"https:\/\/www.diarioimagen.net\/index.php?rest_route=\/wp\/v2\/types\/post"}],"author":[{"embeddable":true,"href":"https:\/\/www.diarioimagen.net\/index.php?rest_route=\/wp\/v2\/users\/3"}],"replies":[{"embeddable":true,"href":"https:\/\/www.diarioimagen.net\/index.php?rest_route=%2Fwp%2Fv2%2Fcomments&post=549313"}],"version-history":[{"count":0,"href":"https:\/\/www.diarioimagen.net\/index.php?rest_route=\/wp\/v2\/posts\/549313\/revisions"}],"wp:featuredmedia":[{"embeddable":true,"href":"https:\/\/www.diarioimagen.net\/index.php?rest_route=\/wp\/v2\/media\/549405"}],"wp:attachment":[{"href":"https:\/\/www.diarioimagen.net\/index.php?rest_route=%2Fwp%2Fv2%2Fmedia&parent=549313"}],"wp:term":[{"taxonomy":"category","embeddable":true,"href":"https:\/\/www.diarioimagen.net\/index.php?rest_route=%2Fwp%2Fv2%2Fcategories&post=549313"},{"taxonomy":"post_tag","embeddable":true,"href":"https:\/\/www.diarioimagen.net\/index.php?rest_route=%2Fwp%2Fv2%2Ftags&post=549313"}],"curies":[{"name":"wp","href":"https:\/\/api.w.org\/{rel}","templated":true}]}}