{"id":549333,"date":"2022-06-09T00:02:06","date_gmt":"2022-06-09T05:02:06","guid":{"rendered":"https:\/\/www.diarioimagen.net\/?p=549333"},"modified":"2022-06-09T02:32:20","modified_gmt":"2022-06-09T07:32:20","slug":"llegaremos-en-las-mejores-condiciones-al-proceso-electoral-de-2023-dice-eric-sevilla","status":"publish","type":"post","link":"https:\/\/www.diarioimagen.net\/?p=549333","title":{"rendered":"Llegaremos en las mejores condiciones al proceso electoral de 2023, dice Eric Sevilla\u00a0"},"content":{"rendered":"<p>&nbsp;<\/p>\n<ul>\n<li><strong><em>Se\u00f1ala que el PRI aprende de sus errores<\/em><\/strong><\/li>\n<\/ul>\n<p>&nbsp;<\/p>\n<h6>Arturo Baena<\/h6>\n<p>&nbsp;<\/p>\n<div id=\"attachment_549421\" style=\"width: 470px\" class=\"wp-caption aligncenter\"><img loading=\"lazy\" decoding=\"async\" aria-describedby=\"caption-attachment-549421\" class=\"size-full wp-image-549421\" src=\"https:\/\/www.diarioimagen.net\/wp-content\/uploads\/2022\/06\/toluca-1.jpg\" alt=\"\" width=\"460\" height=\"270\" \/><p id=\"caption-attachment-549421\" class=\"wp-caption-text\">Erick Sevilla Montes de Oca, dirigente estatal del PRI, afirm\u00f3 que no hay victorias ni derrotas para siempre.<\/p><\/div>\n<p>&nbsp;<\/p>\n<p><strong>Toluca, Estado de M\u00e9xico.\u2014<\/strong> No hay victorias ni derrotas para siempre. Somos un partido resistente y estamos ocupados, m\u00e1s que preocupados, para concretar los trabajos internos para llegar en las mejores condiciones al pr\u00f3ximo proceso electoral en la entidad mexiquense.<\/p>\n<p>Asi lo asegur\u00f3 en entrevista, Eric Sevilla Montes de Oca, dirigente estatal del PRI durante\u00a0una reuni\u00f3n con representantes de la prensa, en donde advirti\u00f3 que no hay f\u00f3rmulas m\u00e1gicas para revertir un resultado adverso, como el de la elecci\u00f3n del pasado domingo.<\/p>\n<p>El dirigente partidista afirm\u00f3 que hay estabilidad en el PRI y expres\u00f3 que es un partido pol\u00edtico que aprende de sus errores y tambi\u00e9n de sus aciertos y confi\u00f3 en que todo lo vivido en materia electoral, sirva para preparar al PRI mexiquense de cara a la elecci\u00f3n por la gubernatura.<\/p>\n<p>Por otra parte, afirm\u00f3 que hasta el momento el PRI no tiene un candidato o candidata. \u201cHay aspiraciones leg\u00edtimas, hay mujeres y hombres con gran capacidad y trayectoria pol\u00edtica profesional que avalan sus aspiraciones, pero ser\u00e1n los \u00f3rganos internos los que definan el proceso de selecci\u00f3n.<\/p>\n<p>Sobre Enrique Vargas del Villar, el dirigente estatal del PRI advirti\u00f3 que \u00e9l es el \u00fanico aspirante que tiene el PAN, mientras que en el PRI hay varias mujeres y hombres con leg\u00edtima aspiraci\u00f3n y amplias posibilidades de encabezar la causa.<\/p>\n<p>Respecto a que los priistas acepten un candidato externo, que bien podr\u00eda ser el panista Enrique Vargas del Villar, el dirigente tricolor se\u00f1al\u00f3 que el PRI no se cierra a ninguna posibilidad, s\u00f3lo que cada una de \u00e9stas debe ser analizada a profundidad.<\/p>\n","protected":false},"excerpt":{"rendered":"<p>No hay victorias ni derrotas para siempre. Somos un partido resistente y estamos ocupados, m\u00e1s que preocupados, para concretar los trabajos internos para llegar en las mejores condiciones al pr\u00f3ximo proceso electoral en la entidad mexiquense.<\/p>\n","protected":false},"author":3,"featured_media":549421,"comment_status":"open","ping_status":"open","sticky":false,"template":"","format":"standard","meta":{"_monsterinsights_skip_tracking":false,"_monsterinsights_sitenote_active":false,"_monsterinsights_sitenote_note":"","_monsterinsights_sitenote_category":0,"footnotes":""},"categories":[5],"tags":[43675,452],"class_list":["post-549333","post","type-post","status-publish","format-standard","has-post-thumbnail","hentry","category-estado-de-mexico","tag-estado-de-mexico","tag-toluca"],"_links":{"self":[{"href":"https:\/\/www.diarioimagen.net\/index.php?rest_route=\/wp\/v2\/posts\/549333","targetHints":{"allow":["GET"]}}],"collection":[{"href":"https:\/\/www.diarioimagen.net\/index.php?rest_route=\/wp\/v2\/posts"}],"about":[{"href":"https:\/\/www.diarioimagen.net\/index.php?rest_route=\/wp\/v2\/types\/post"}],"author":[{"embeddable":true,"href":"https:\/\/www.diarioimagen.net\/index.php?rest_route=\/wp\/v2\/users\/3"}],"replies":[{"embeddable":true,"href":"https:\/\/www.diarioimagen.net\/index.php?rest_route=%2Fwp%2Fv2%2Fcomments&post=549333"}],"version-history":[{"count":0,"href":"https:\/\/www.diarioimagen.net\/index.php?rest_route=\/wp\/v2\/posts\/549333\/revisions"}],"wp:featuredmedia":[{"embeddable":true,"href":"https:\/\/www.diarioimagen.net\/index.php?rest_route=\/wp\/v2\/media\/549421"}],"wp:attachment":[{"href":"https:\/\/www.diarioimagen.net\/index.php?rest_route=%2Fwp%2Fv2%2Fmedia&parent=549333"}],"wp:term":[{"taxonomy":"category","embeddable":true,"href":"https:\/\/www.diarioimagen.net\/index.php?rest_route=%2Fwp%2Fv2%2Fcategories&post=549333"},{"taxonomy":"post_tag","embeddable":true,"href":"https:\/\/www.diarioimagen.net\/index.php?rest_route=%2Fwp%2Fv2%2Ftags&post=549333"}],"curies":[{"name":"wp","href":"https:\/\/api.w.org\/{rel}","templated":true}]}}