{"id":549472,"date":"2022-06-10T00:01:29","date_gmt":"2022-06-10T05:01:29","guid":{"rendered":"https:\/\/www.diarioimagen.net\/?p=549472"},"modified":"2022-06-10T02:34:35","modified_gmt":"2022-06-10T07:34:35","slug":"asistimos-a-la-cumbre-de-las-americas-pero-bajo-protesta-amlo","status":"publish","type":"post","link":"https:\/\/www.diarioimagen.net\/?p=549472","title":{"rendered":"Asistimos a la Cumbre de las Am\u00e9ricas, pero bajo protesta: AMLO"},"content":{"rendered":"<p>&nbsp;<\/p>\n<ul>\n<li><strong><em>Reiter\u00f3 su reclamo por la exclusi\u00f3n de pa\u00edses<\/em><\/strong><\/li>\n<\/ul>\n<p>&nbsp;<\/p>\n<div id=\"attachment_549573\" style=\"width: 470px\" class=\"wp-caption aligncenter\"><img loading=\"lazy\" decoding=\"async\" aria-describedby=\"caption-attachment-549573\" class=\"size-full wp-image-549573\" src=\"https:\/\/www.diarioimagen.net\/wp-content\/uploads\/2022\/06\/amlo-3.jpg\" alt=\"\" width=\"460\" height=\"270\" \/><p id=\"caption-attachment-549573\" class=\"wp-caption-text\">Andr\u00e9s Manuel L\u00f3pez Obrador reiter\u00f3 su reclamo por la exclusi\u00f3n de pa\u00edses en la Cumbre las Am\u00e9ricas.<\/p><\/div>\n<p>&nbsp;<\/p>\n<p>M\u00e9xico est\u00e1 representado en la Cumbre de las Am\u00e9ricas, pero lo hace bajo protesta por la exclusi\u00f3n de pa\u00edses a este evento, afirm\u00f3 el presidente Andr\u00e9s Manuel L\u00f3pez Obrador en su conferencia ma\u00f1anera.<\/p>\n<p>Desde Palacio Nacional, el titular del Ejecutivo federal reiter\u00f3 sus cr\u00edticas a Estados Unidos por no invitar a todos los pa\u00edses de la regi\u00f3n al evento que se lleva a cabo en Los \u00c1ngeles, California, por lo que, afirm\u00f3, no apoyan pol\u00edticas discriminatorias.<\/p>\n<p>Estamos representados, pero al mismo tiempo lo hacemos bajo protesta, porque no aceptamos que se excluya a nadie, queremos la unidad de los pa\u00edses de Am\u00e9rica en beneficio de nuestros pueblos y no queremos alentar bloqueos ni discriminaci\u00f3n, no estamos de acuerdo con mantener la misma pol\u00edtica de siempre: intervencionista, que afecta a la gente, que tiene que ver con las c\u00fapulas de poder econ\u00f3mico y pol\u00edtico, las diferencias arriba\u201d, asever\u00f3.<\/p>\n<p>Asegur\u00f3 que el silencio no ayuda a cambiar esta situaci\u00f3n \u201cque no respeta la soberan\u00eda de los pueblos\u201d, por lo que si no hay acciones la situaci\u00f3n continuar\u00e1.<\/p>\n<p>Al explicar la diversificaci\u00f3n del mercado de las potencias econ\u00f3micas en el paso de los \u00faltimos a\u00f1os, L\u00f3pez Obrador demostr\u00f3 c\u00f3mo China ha crecido en este campo, por lo que volvi\u00f3 a llamar a una unidad econ\u00f3mica en Am\u00e9rica.<\/p>\n<p>\u201cEsto lo podemos lograr si nos unimos y hay condiciones inmejorables, porque Am\u00e9rica tiene fuerza de trabajo, joven, creativa, muchos recursos naturales, mercado, tecnolog\u00eda, capital\u2026 falta una nueva pol\u00edtica\u201d, dijo.<\/p>\n<p>Lament\u00f3 que por las presiones de senadores la Cumbre de las Am\u00e9ricas se desarrolla sin representaci\u00f3n de todas las naciones, porque no todas fueron invitadas.<\/p>\n<p>\u201cDeseo se trabaje bien en la Cumbre, le tenemos todo nuestro respeto al presidente Joe BIden y entendemos su circunstancia, porque como dec\u00eda Ortega y Gasset: \u2018es el hombre y sus circunstancias\u2019, pero tambi\u00e9n dec\u00eda que \u2018si no cambio las circunstancias, no cambio yo\u2019. Hay que cambiar\u201d, coment\u00f3.<\/p>\n<p style=\"text-align: center;\"><strong>Ofrece M\u00e9xico, en abonos, el avi\u00f3n presidencial a Argentina<\/strong><\/p>\n<p>El gobierno de M\u00e9xico ofreci\u00f3 a Argentina el avi\u00f3n presidencial TP-01 adquirido por Felipe Calder\u00f3n, debido a que la nave de este pa\u00eds\u00a0 ha llegado a su vida \u00fatil, as\u00ed lo inform\u00f3 el presidente L\u00f3pez Obrador. A 3 a\u00f1os y 6 meses del inicio del proceso formal de venta del avi\u00f3n presidencial, el mandatario indic\u00f3 que la aeronave Boeing 787-8 Dreamliner tiene un aval\u00fao de 110 millones de d\u00f3lares, por lo que confi\u00f3 en que pese a los 30 millones de d\u00f3lares que Argentina reserv\u00f3, pueda efectuarse la operaci\u00f3n mediante varios pagos.<\/p>\n<p>\u201cYa se agot\u00f3 el tiempo de vida \u00fatil del avi\u00f3n de Argentina y les mandamos a decir, ah\u00ed est\u00e1, ll\u00e9vense el avi\u00f3n nuestro, adem\u00e1s es gobierno amigo, pero el nuestro tiene un aval\u00fao de 110 millones de d\u00f3lares y ellos reservaron 30 millones de d\u00f3lares.<\/p>\n<p>\u201cTodav\u00eda no descartamos que puedan dar los 30 millones de d\u00f3lares y paguen en plazos el resto, pero son de esos negocios de la \u00e9poca fara\u00f3nica\u201d, dijo el mandatario.<\/p>\n<p>Agreg\u00f3 que M\u00e9xico estar\u00eda dispuesto a aceptar los 30 millones de d\u00f3lares con la firma de un acuerdo del compromiso del gobierno argentino de pagar el esto a plazos y con intereses.<\/p>\n<p>\u201cYo creo que en tres meses ya sabemos, pero estar\u00edamos en condiciones de que si nos dan los 30 y se firma un convenio de pago, de acuerdo con el aval\u00fao y los intereses, se le entrega a ellos, porque no estar\u00eda mal, porque el avi\u00f3n que traen, dicho por propios y extra\u00f1os, ya cumpli\u00f3 su tiempo \u00fatil y s\u00ed necesitan un avi\u00f3n\u201d, dijo.<\/p>\n<p>En marzo pasado, L\u00f3pez Obrador reconoci\u00f3 que el avi\u00f3n presidencial adquirido por Felipe Calder\u00f3n en 2012 por un costo de 218 millones d\u00f3lares a\u00fan no se ha vendido, por lo que plante\u00f3 la posibilidad de rentarlo para bodas, fiestas de XV a\u00f1os, viajes, entre otras actividades.<\/p>\n<p>De acuerdo con el mandatario, la aeronave que es ofertada por la empresa Global Jet M\u00f3naco, que en agosto pasado firm\u00f3 con la Oficina de las Naciones Unidas de Servicios para Proyectos (UNOPS), podr\u00eda ser entregada a la empresa Olmeca-Maya-Mexica, que ser\u00e1 operada por las Fuerzas Armadas, \u201cpara organizar vuelos ch\u00e1rter\u201d.<\/p>\n<p>El objetivo de lo anterior ser\u00eda para que se pudiera rentar y tuviera as\u00ed ingresos para pagar sus gastos y mantenimiento.<\/p>\n<p style=\"text-align: center;\"><strong>L\u00f3pez Obrador descarta construir Terminal 3 en el AICM<\/strong><\/p>\n<p>El mandatario federal afirm\u00f3 este jueves que su gobierno sigue buscando resolver los problemas estructurales que aquejan al Aeropuerto Internacional de la Ciudad de M\u00e9xico (AICM) como los hundimientos, la falta de agua y el mantenimiento a las pistas.<\/p>\n<p>No obstante, L\u00f3pez Obrador dijo que est\u00e1n descartados los planes de ampliaci\u00f3n hacia una terminal 3, que la Secretar\u00eda de Infraestructura, Comunicaciones y Transportes ten\u00eda proyectada en donde se encuentran las instalaciones del Sexto Agrupamiento A\u00e9reo de la Fuerza A\u00e9rea Mexicana (FAM).<\/p>\n<p>\u201cEstamos buscando rehabilitar ese aeropuerto, tenemos el problema serio, grave de los hundimientos que tampoco los tomaron en cuenta cuando se construy\u00f3 la terminal 2. Estamos buscando estructuralmente c\u00f3mo resolverlo, hemos estado invirtiendo en c\u00f3mo dar mantenimiento en las pistas, los ba\u00f1os, todo.<\/p>\n<p>\u201cEl aeropuerto no tiene agua, se tiene que acarrear el agua en pipas al aeropuerto de la Ciudad de M\u00e9xico, estamos resolviendo todo eso.<\/p>\n<p>\u201cPor lo pronto paramos una ampliaci\u00f3n que se quer\u00eda hacer al aeropuerto con los mismos prop\u00f3sitos se detuvo porque consideramos que no eran necesarias\u201d, expuso el Presidente.<\/p>\n<p style=\"text-align: center;\"><strong>Urge AMLO a Iberdrola pagar multa de m\u00e1s 9 mil mdp<\/strong><\/p>\n<p>En otro tema, el presidente Obrador urgi\u00f3 a Iberdrola pagar la sanci\u00f3n impuesta por la Reguladora de Energ\u00eda (CRE) por 9 mil 145 millones de pesos; no obstante dijo que pueden acudir a tribunales para apelar la sanci\u00f3n, aunque est\u00e1 fundada.<\/p>\n<p>Sostuvo que la empresa espa\u00f1ola contin\u00faa violando la ley con el autoabastecimiento de energ\u00eda el\u00e9ctrica y adem\u00e1s de continuar vendi\u00e9ndola.<\/p>\n<p>\u201cEs un asunto de la CRE y est\u00e1 fundado y tienen que pagar la multa, tambi\u00e9n pueden acudir a otras instancias y al Poder Judicial, pero de que est\u00e1 fundada la sanci\u00f3n, no tengo duda, porque estaban y siguen estando, en algunos casos, violando la ley con el autoabasto\u201d, dijo el mandatario.<\/p>\n<p>Record\u00f3 que la Suprema Corte de Justicia de la Naci\u00f3n (SCJN) ya defini\u00f3 que el autoabasto es ilegal, no obstante, dijo que pidi\u00f3 al director de la Comisi\u00f3n Federal de la Electricidad (CFE), Manuel Bartlett, ofrezca acuerdos en ese sentido.<\/p>\n<p>\u201cLos de Iberdrola son algo especial porque quedaron mal acostumbrados al influyentismo y no quieren cambiar\u201d, acus\u00f3.<\/p>\n","protected":false},"excerpt":{"rendered":"<p>M\u00e9xico est\u00e1 representado en la Cumbre de las Am\u00e9ricas, pero lo hace bajo protesta por la exclusi\u00f3n de pa\u00edses a este evento, afirm\u00f3 el presidente Andr\u00e9s Manuel L\u00f3pez Obrador en su conferencia ma\u00f1anera.<\/p>\n","protected":false},"author":3,"featured_media":549573,"comment_status":"open","ping_status":"open","sticky":false,"template":"","format":"standard","meta":{"_monsterinsights_skip_tracking":false,"_monsterinsights_sitenote_active":false,"_monsterinsights_sitenote_note":"","_monsterinsights_sitenote_category":0,"footnotes":""},"categories":[3],"tags":[87215,23061,43679,43673,12784],"class_list":["post-549472","post","type-post","status-publish","format-standard","has-post-thumbnail","hentry","category-nacional","tag-bajo","tag-cumbre-de-las-americas","tag-mundo","tag-nacional","tag-protesta"],"_links":{"self":[{"href":"https:\/\/www.diarioimagen.net\/index.php?rest_route=\/wp\/v2\/posts\/549472","targetHints":{"allow":["GET"]}}],"collection":[{"href":"https:\/\/www.diarioimagen.net\/index.php?rest_route=\/wp\/v2\/posts"}],"about":[{"href":"https:\/\/www.diarioimagen.net\/index.php?rest_route=\/wp\/v2\/types\/post"}],"author":[{"embeddable":true,"href":"https:\/\/www.diarioimagen.net\/index.php?rest_route=\/wp\/v2\/users\/3"}],"replies":[{"embeddable":true,"href":"https:\/\/www.diarioimagen.net\/index.php?rest_route=%2Fwp%2Fv2%2Fcomments&post=549472"}],"version-history":[{"count":0,"href":"https:\/\/www.diarioimagen.net\/index.php?rest_route=\/wp\/v2\/posts\/549472\/revisions"}],"wp:featuredmedia":[{"embeddable":true,"href":"https:\/\/www.diarioimagen.net\/index.php?rest_route=\/wp\/v2\/media\/549573"}],"wp:attachment":[{"href":"https:\/\/www.diarioimagen.net\/index.php?rest_route=%2Fwp%2Fv2%2Fmedia&parent=549472"}],"wp:term":[{"taxonomy":"category","embeddable":true,"href":"https:\/\/www.diarioimagen.net\/index.php?rest_route=%2Fwp%2Fv2%2Fcategories&post=549472"},{"taxonomy":"post_tag","embeddable":true,"href":"https:\/\/www.diarioimagen.net\/index.php?rest_route=%2Fwp%2Fv2%2Ftags&post=549472"}],"curies":[{"name":"wp","href":"https:\/\/api.w.org\/{rel}","templated":true}]}}