{"id":549473,"date":"2022-06-10T00:06:56","date_gmt":"2022-06-10T05:06:56","guid":{"rendered":"https:\/\/www.diarioimagen.net\/?p=549473"},"modified":"2022-06-12T20:00:34","modified_gmt":"2022-06-13T01:00:34","slug":"uaemex-fortalece-al-sistema-de-salud-mexiquense-a-traves-de-sus-programas-de-especialidad-medica","status":"publish","type":"post","link":"https:\/\/www.diarioimagen.net\/?p=549473","title":{"rendered":"UAEM\u00e9x fortalece al Sistema de Salud mexiquense a trav\u00e9s de sus programas de especialidad m\u00e9dica"},"content":{"rendered":"<p>&nbsp;<\/p>\n<ul>\n<li><strong><em>Fueron acreditados\u00a0 por el CONACyT cinco programas de especialidad m\u00e9dica\u00a0 por su calidad cient\u00edfica e incidencia social, posicionando a la Aut\u00f3noma mexiquense como una de las primeras 10 universidades en ofertar programas educativos de calidad<\/em><\/strong><\/li>\n<\/ul>\n<p><strong>\u00a0<\/strong><\/p>\n<div id=\"attachment_549565\" style=\"width: 470px\" class=\"wp-caption aligncenter\"><img loading=\"lazy\" decoding=\"async\" aria-describedby=\"caption-attachment-549565\" class=\"size-full wp-image-549565\" src=\"https:\/\/www.diarioimagen.net\/wp-content\/uploads\/2022\/06\/Uaem1.jpg\" alt=\"\" width=\"460\" height=\"270\" \/><p id=\"caption-attachment-549565\" class=\"wp-caption-text\">Francisco Herrera Tapia, Director de Seguimiento y Evaluaci\u00f3n de Estudios Avanzados, inform\u00f3 que fueron acreditados cinco programas de\u00a0 especialidad cumpliendo con los rubros de calidad cient\u00edfica e incidencia social.<\/p><\/div>\n<p>&nbsp;<\/p>\n<p><strong>Toluca, Estado de M\u00e9xico.\u2013<\/strong> Ante las crisis sanitarias que se viven actualmente, la Universidad Aut\u00f3noma del Estado de M\u00e9xico (UAEM\u00e9x) brinda el fortalecimiento al sistema de salud en M\u00e9xico a trav\u00e9s de la acreditaci\u00f3n de sus programas de Especialidades M\u00e9dicas por parte del Consejo Nacional de Ciencia y Tecnolog\u00edas (CONACyT), lo que permitir\u00e1 la formaci\u00f3n de m\u00e9dicos especialistas de alta calidad, enfatiz\u00f3 el Director de de Seguimiento y Evaluaci\u00f3n de Estudios Avanzados, Francisco Herrera Tapia.<\/p>\n<p>Abund\u00f3 que en el marco de la convocatoria 2021 de Programas de Especialidades M\u00e9dicas en \u00c1reas Espec\u00edficas del CONACyT fueron acreditados cinco programas de\u00a0 especialidad cumpliendo con los rubros de calidad cient\u00edfica e incidencia social, los cuales son: la especialidad en Anestesiolog\u00eda, especialidad en Cirug\u00eda General, especialidad en Medicina de Urgencias, especialidad en Medicina Interna y la especialidad Ortopedia.<\/p>\n<p>\u201cEstas nuevas especialidades permiten incrementar el n\u00famero de alumnos y alumnas que est\u00e1n estudiando en programas de calidad, lo que es muy importante ya que la universidad se convierte en una instituci\u00f3n que ofrece programas acreditados por CONACyT no solo en licenciatura, sino tambi\u00e9n en posgrado\u201d expres\u00f3.<\/p>\n<p>Herrera Tapia explic\u00f3 que lograr la acreditaci\u00f3n, fue necesario un trabajo colaborativo entre la Direcci\u00f3n de Seguimiento y Evaluaci\u00f3n de Estudios Avanzados, la Facultad de Medicina y las sedes hospitalarias donde se van a impartir, logrando que la presencia de la Aut\u00f3noma Mexiquense salga de las aulas y se lleve al sector salud.<\/p>\n<p>Estas especialidades ser\u00e1n ofertadas en 9 sedes hospitalarias del Instituto Mexicano del Seguro Social (IMSS) en el Estado de M\u00e9xico, garantizando una mejor calidad en los servicios de salud, ya que los residentes contar\u00e1n con los conocimientos y las certificaciones necesarias en la especialidad para brindar una mejor atenci\u00f3n a los pacientes.<\/p>\n","protected":false},"excerpt":{"rendered":"<p>Ante las crisis sanitarias que se viven actualmente, la Universidad Aut\u00f3noma del Estado de M\u00e9xico (UAEM\u00e9x) brinda el fortalecimiento al sistema de salud en M\u00e9xico a trav\u00e9s de la acreditaci\u00f3n de sus programas de Especialidades M\u00e9dicas por parte del Consejo Nacional de Ciencia y Tecnolog\u00edas (CONACyT), lo que permitir\u00e1 la formaci\u00f3n de m\u00e9dicos especialistas de alta calidad, enfatiz\u00f3 el Director de de Seguimiento y Evaluaci\u00f3n de Estudios Avanzados, Francisco Herrera Tapia.<\/p>\n","protected":false},"author":3,"featured_media":549565,"comment_status":"open","ping_status":"open","sticky":false,"template":"","format":"standard","meta":{"_monsterinsights_skip_tracking":false,"_monsterinsights_sitenote_active":false,"_monsterinsights_sitenote_note":"","_monsterinsights_sitenote_category":0,"footnotes":""},"categories":[5],"tags":[95677,43675,82052,95676,452,67878],"class_list":["post-549473","post","type-post","status-publish","format-standard","has-post-thumbnail","hentry","category-estado-de-mexico","tag-especialidad","tag-estado-de-mexico","tag-medica","tag-seguimiento-y-evaluacion-de-estudios-avanzados","tag-toluca","tag-uaemex"],"_links":{"self":[{"href":"https:\/\/www.diarioimagen.net\/index.php?rest_route=\/wp\/v2\/posts\/549473","targetHints":{"allow":["GET"]}}],"collection":[{"href":"https:\/\/www.diarioimagen.net\/index.php?rest_route=\/wp\/v2\/posts"}],"about":[{"href":"https:\/\/www.diarioimagen.net\/index.php?rest_route=\/wp\/v2\/types\/post"}],"author":[{"embeddable":true,"href":"https:\/\/www.diarioimagen.net\/index.php?rest_route=\/wp\/v2\/users\/3"}],"replies":[{"embeddable":true,"href":"https:\/\/www.diarioimagen.net\/index.php?rest_route=%2Fwp%2Fv2%2Fcomments&post=549473"}],"version-history":[{"count":0,"href":"https:\/\/www.diarioimagen.net\/index.php?rest_route=\/wp\/v2\/posts\/549473\/revisions"}],"wp:featuredmedia":[{"embeddable":true,"href":"https:\/\/www.diarioimagen.net\/index.php?rest_route=\/wp\/v2\/media\/549565"}],"wp:attachment":[{"href":"https:\/\/www.diarioimagen.net\/index.php?rest_route=%2Fwp%2Fv2%2Fmedia&parent=549473"}],"wp:term":[{"taxonomy":"category","embeddable":true,"href":"https:\/\/www.diarioimagen.net\/index.php?rest_route=%2Fwp%2Fv2%2Fcategories&post=549473"},{"taxonomy":"post_tag","embeddable":true,"href":"https:\/\/www.diarioimagen.net\/index.php?rest_route=%2Fwp%2Fv2%2Ftags&post=549473"}],"curies":[{"name":"wp","href":"https:\/\/api.w.org\/{rel}","templated":true}]}}