{"id":549490,"date":"2022-06-10T00:01:52","date_gmt":"2022-06-10T05:01:52","guid":{"rendered":"https:\/\/www.diarioimagen.net\/?p=549490"},"modified":"2022-06-10T03:17:17","modified_gmt":"2022-06-10T08:17:17","slug":"jornada-de-vacunacion-contra-covid-19-para-mayores-de-18-anos-rezagados-en-naucalpan","status":"publish","type":"post","link":"https:\/\/www.diarioimagen.net\/?p=549490","title":{"rendered":"Jornada de vacunaci\u00f3n\u00a0contra Covid-19 para mayores de 18 a\u00f1os rezagados, en Naucalpan"},"content":{"rendered":"<p>&nbsp;<\/p>\n<ul>\n<li><strong><em>En el Parque Naucalli<\/em><\/strong><\/li>\n<\/ul>\n<p>&nbsp;<\/p>\n<div id=\"attachment_549616\" style=\"width: 470px\" class=\"wp-caption aligncenter\"><img loading=\"lazy\" decoding=\"async\" aria-describedby=\"caption-attachment-549616\" class=\"size-full wp-image-549616\" src=\"https:\/\/www.diarioimagen.net\/wp-content\/uploads\/2022\/06\/naucalpan-2.jpg\" alt=\"\" width=\"460\" height=\"270\" \/><p id=\"caption-attachment-549616\" class=\"wp-caption-text\">Comenz\u00f3 en el Parque Naucalli juna jornada para aplicar la primera dosis de la vacuna contra Covid-19 para personas mayores de 18 a\u00f1os rezagadas y a menores embarazadas.<\/p><\/div>\n<p>&nbsp;<\/p>\n<p><strong>Naucalpan, Estado de M\u00e9xico.\u2014<\/strong> Inici\u00f3 ayer jueves una jornada para aplicar la primera dosis de la vacuna contra Covid-19 para personas mayores de 18 a\u00f1os rezagadas y a embarazadas a partir de los 12 a\u00f1os de edad, en el Centro de Exposiciones, Ferias y Eventos (CEFE) del Parque Naucalli.<\/p>\n<p>La jornada se lleva a cabo de 9:00 a 16:00 horas y se deber\u00e1 presentar identificaci\u00f3n oficial (CURP y acta de nacimiento para menores de 18 a\u00f1os e INE para mayores de edad), expediente impreso del sitio www.mivacuna.salud.gob.mx y comprobante de domicilio. Podr\u00e1 acudir cualquier persona que resida en el Estado de M\u00e9xico.<\/p>\n<p>La vacuna es gratuita y segura, no es necesario pernoctar o llegar de madrugada al centro de exposiciones para asegurar una dosis. Se recomienda acudir desayunados y si se encuentran en alg\u00fan tratamiento tomar puntualmente sus medicamentos.<\/p>\n<p>En el caso de las menores de edad embarazadas, se hace un llamado para que acudan acompa\u00f1adas de alguna persona adulta, preferentemente madre, padre o tutor.<\/p>\n<p>Se exhorta a la poblaci\u00f3n a continuar con las medidas sanitarias preventivas, incluso si ya cuentan con el esquema de vacunaci\u00f3n completo, como el uso correcto de cubrebocas, lavado frecuente de manos y mantener la sana distancia.<\/p>\n","protected":false},"excerpt":{"rendered":"<p>Inici\u00f3 ayer jueves una jornada para aplicar la primera dosis de la vacuna contra Covid-19 para personas mayores de 18 a\u00f1os rezagadas y a embarazadas a partir de los 12 a\u00f1os de edad, en el Centro de Exposiciones, Ferias y Eventos (CEFE) del Parque Naucalli.<\/p>\n","protected":false},"author":3,"featured_media":549616,"comment_status":"open","ping_status":"open","sticky":false,"template":"","format":"standard","meta":{"_monsterinsights_skip_tracking":false,"_monsterinsights_sitenote_active":false,"_monsterinsights_sitenote_note":"","_monsterinsights_sitenote_category":0,"footnotes":""},"categories":[5],"tags":[95682,43675,970,36117],"class_list":["post-549490","post","type-post","status-publish","format-standard","has-post-thumbnail","hentry","category-estado-de-mexico","tag-cefe","tag-estado-de-mexico","tag-naucalpan","tag-parque-naucalli"],"_links":{"self":[{"href":"https:\/\/www.diarioimagen.net\/index.php?rest_route=\/wp\/v2\/posts\/549490","targetHints":{"allow":["GET"]}}],"collection":[{"href":"https:\/\/www.diarioimagen.net\/index.php?rest_route=\/wp\/v2\/posts"}],"about":[{"href":"https:\/\/www.diarioimagen.net\/index.php?rest_route=\/wp\/v2\/types\/post"}],"author":[{"embeddable":true,"href":"https:\/\/www.diarioimagen.net\/index.php?rest_route=\/wp\/v2\/users\/3"}],"replies":[{"embeddable":true,"href":"https:\/\/www.diarioimagen.net\/index.php?rest_route=%2Fwp%2Fv2%2Fcomments&post=549490"}],"version-history":[{"count":0,"href":"https:\/\/www.diarioimagen.net\/index.php?rest_route=\/wp\/v2\/posts\/549490\/revisions"}],"wp:featuredmedia":[{"embeddable":true,"href":"https:\/\/www.diarioimagen.net\/index.php?rest_route=\/wp\/v2\/media\/549616"}],"wp:attachment":[{"href":"https:\/\/www.diarioimagen.net\/index.php?rest_route=%2Fwp%2Fv2%2Fmedia&parent=549490"}],"wp:term":[{"taxonomy":"category","embeddable":true,"href":"https:\/\/www.diarioimagen.net\/index.php?rest_route=%2Fwp%2Fv2%2Fcategories&post=549490"},{"taxonomy":"post_tag","embeddable":true,"href":"https:\/\/www.diarioimagen.net\/index.php?rest_route=%2Fwp%2Fv2%2Ftags&post=549490"}],"curies":[{"name":"wp","href":"https:\/\/api.w.org\/{rel}","templated":true}]}}