{"id":549521,"date":"2022-06-10T00:02:30","date_gmt":"2022-06-10T05:02:30","guid":{"rendered":"https:\/\/www.diarioimagen.net\/?p=549521"},"modified":"2022-06-10T00:40:13","modified_gmt":"2022-06-10T05:40:13","slug":"moratoria-constitucional-para-intentar-bloquear-a-lopez-obrador","status":"publish","type":"post","link":"https:\/\/www.diarioimagen.net\/?p=549521","title":{"rendered":"\u201cMoratoria constitucional\u201d para intentar bloquear a L\u00f3pez Obrador"},"content":{"rendered":"<h2>La Retaguardia<\/h2>\n<h5>Adriana Moreno Cordero<\/h5>\n<p>&nbsp;<\/p>\n<ul>\n<li><strong><em>Foro Latinoamericano por la Libertad, la defensa de \u00e9sta<\/em><\/strong><\/li>\n<\/ul>\n<p>&nbsp;<\/p>\n<p>En conferencia de prensa, los dirigentes del PAN, PRI y PRD, <strong>Marko Cort\u00e9s<\/strong>, <strong>Alejandro Moreno<\/strong> y <strong>Jes\u00fas Zambrano<\/strong>, respectivamente, anunciaron una medida que en la actual coyuntura en la que est\u00e1 comprobado que Morena se quiere erigir como el partido hegem\u00f3nico, al m\u00e1s puro estilo del priismo setentero, es tan necesaria como oportuna.<\/p>\n<p>As\u00ed, los dirigentes de los partidos que conforman la coalici\u00f3n \u201cVa por M\u00e9xico\u201d, plantearon un recurso denominado \u201cmoratoria constitucional\u201d mediante el cual, en lo que resta de la actual Legislatura, se bloquear\u00edan las intenciones del presidente <strong>Andr\u00e9s Manuel L\u00f3pez Obrador<\/strong> de aniquilar a los organismos aut\u00f3nomos como por ejemplo, el INE, al establecer que el tambi\u00e9n denominado Bloque Opositor no aprobar\u00eda ninguna iniciativa enviada por el de Tepetit\u00e1n que tenga que ver con alguna reforma o adici\u00f3n constitucional. Es m\u00e1s, ni siquiera la revisar\u00edan los diputados de la oposici\u00f3n.<\/p>\n<p>La anterior, ser\u00eda una primera se\u00f1al de que la coalici\u00f3n \u201cVa por M\u00e9xico\u201d sale de esa pasividad que hab\u00eda mantenido y estar\u00eda dispuesta a asumir el compromiso de que \u201chay tiro\u201d para 2024, por eso, Marko Cort\u00e9s hizo un compromiso espec\u00edfico: \u201cQue quede bien claro, no permitiremos romper con la autonom\u00eda, integraci\u00f3n e independencia del INE ni favorecer la militarizaci\u00f3n del pa\u00eds que atenta contra la democracia y los derechos humanos\u201d. Ahora s\u00f3lo falta que cumplan.<\/p>\n<p>Asimismo, el dirigente de Acci\u00f3n Nacional, record\u00f3 que la bancada de Morena que en San L\u00e1zaro coordina <strong>Ignacio Mier<\/strong>, de plano han ignorado las propuestas de las bancadas del bloque opositor. Una prueba de esto se dio en el Parlamento Abierto que se realiz\u00f3 con el objetivo de discutir la controvertida reforma el\u00e9ctrica enviada por L\u00f3pez Obrador.<\/p>\n<p>En resumidas cuentas, dicho ejercicio result\u00f3 ser una especie de \u201ccirco\u201d en el que los diputados del partido oficial, dejaron hablar y hablar a la oposici\u00f3n sin hacer el menor caso. Es m\u00e1s, en ese tiempo <strong>Carlos Salazar Lomel\u00edn<\/strong> era el presidente del Consejo Coordinador Empresarial, (CCE) y no lo dejaron participar en el referido Parlamento Abierto, cancel\u00e1ndole 10 minutos antes. Adem\u00e1s, los legisladores de Morena a prop\u00f3sito, organizaron mal y de mala gana dicho parlamento.<\/p>\n<p>Tambi\u00e9n ser\u00e1 vetada la iniciativa sobre la Guardia Nacional que pone al descubierto una vez m\u00e1s las intenciones del Presidente de continuar militarizando al pa\u00eds.<\/p>\n<p>Finalmente y como opin\u00f3 el legendario <strong>Diego Fern\u00e1ndez de Cevallos<\/strong>, la coalici\u00f3n \u201cVa por M\u00e9xico\u201d deber\u00eda de analizar muy bien la importancia de estar unidos en la actual coyuntura y recomend\u00f3 que se mantenga esta alianza de cara al 2024, \u201cpero que nunca debe de discutirse lo primero que debe ser, que es el bien de M\u00e9xico\u201d, lo que puede traducirse en que priistas, panistas y perredistas superen su aversi\u00f3n entre unos y otros.<\/p>\n<p style=\"text-align: center;\"><strong>Municiones<\/strong><\/p>\n<p>*** El futuro de la libertad, eje del Foro Latinoamericano por la libertad 2022. \u201cAcelerar\u201d es el tema eje del Foro Latinoamericano por la Libertad 2022, que se ha convertido en un importante espacio en el que l\u00edderes e intelectuales de todo el mundo se re\u00fanen este 9 y 10 de junio en la Ciudad de M\u00e9xico, para discutir c\u00f3mo hacer para que el movimiento mundial por la libertad cambie a toda velocidad. Es decir, se acelere. Los promotores de este importante evento son dos organizaciones, el <strong>Centro<\/strong> <strong>Ricardo B. Salinas Pliego<\/strong> y Atlas Network. El primero, comprometido con crear entornos propicios para la discusi\u00f3n y el desarrollo de ideas sobre la libertad, la prosperidad incluyente y la innovaci\u00f3n de la libertad en M\u00e9xico y en Am\u00e9rica Latina. Y el segundo, que busca abrir espacios donde se divulgue el conocimiento sobre la libertad, inspirarse y acelerar el intercambio de buenas pr\u00e1cticas para promover la dignidad humana. Por ello, durante dos d\u00edas, exponentes de talla internacional plantean los desaf\u00edos que enfrenta Latinoam\u00e9rica y las barreras para la libertad y la prosperidad individual. Entre los oradores principales destaca la participaci\u00f3n de Francis Fukuyama, quien inaugur\u00f3 dicho Foro, y <strong>Ricardo Salinas Pliego<\/strong>, presidente de Grupo Salinas, quien ofreci\u00f3 la Conferencia Magistral sobre \u201cUna cultura de libertad\u201d y entreg\u00f3 el Premio a la Libertad de Am\u00e9rica Latina 2022, que forma parte de la serie de Premios Regionales de Atlas Network patrocinados por la <strong>Fundaci\u00f3n<\/strong> <strong>John Templeton<\/strong>. Hoy continuar\u00e1n las discusiones en las que se abordar\u00e1 la libertad desde la \u00f3ptica de temas tan relevantes como el progreso, las pol\u00edticas p\u00fablicas, la seguridad y la prosperidad incluyente, y un bloque especializado en la libertad del dinero, banca digital y bitcoin. Sin duda, este Foro Latinoamericano por la Libertad 2022 ha logrado convertirse en el motor, en el acelere de la urgente necesidad de buscar y defender la libertad.<\/p>\n<p>*** De acuerdo con las propias cifras del gobierno de la Ciudad de M\u00e9xico, cada vez hay m\u00e1s poblaci\u00f3n mayor de 60 a\u00f1os en la capital de la Rep\u00fablica, lo que requerir\u00e1 que las autoridades implementen cada vez m\u00e1s pol\u00edticas p\u00fablicas dirigidas a ese sector. En espec\u00edfico, en 2021 hab\u00eda 12 personas mayores por cada 100 habitantes, y para 2050 el n\u00famero ser\u00e1 de 23 por cada 100; de ah\u00ed que expertos como <strong>Benjam\u00edn Su\u00e1rez Negroe<\/strong>, director m\u00e9dico de Sanulac Nutrici\u00f3n M\u00e9xico, urgiera a contemplar en las estrategias de gobierno las necesidades nutrimentales de los adultos mayores para evitar problemas de desnutrici\u00f3n que deriven en complicaciones de salud p\u00fablica.<\/p>\n<p>*** De acuerdo con la Secretar\u00eda de Turismo, el consumo tur\u00edstico por hospedaje nacional y extranjero alcanzar\u00e1 13 mil 374 millones de d\u00f3lares, es decir, 16.5% m\u00e1s que en 2021. Por esta raz\u00f3n, resulta fundamental encaminar acciones que favorezcan la seguridad de los hu\u00e9spedes y la creaci\u00f3n o adaptaci\u00f3n de hoteles m\u00e1s sostenibles que fomenten el uso de materiales, el manejo de residuos y el cuidado del agua, sin dejar de lado la iluminaci\u00f3n, que tambi\u00e9n juegan un papel importante porque La iluminaci\u00f3n influye en el estado de \u00e1nimo de los hu\u00e9spedes, en su descanso, en la sensaci\u00f3n de seguridad y en la est\u00e9tica arquitect\u00f3nica del lugar. Contribuye a mantener una atm\u00f3sfera adecuada en cada uno de los espacios del hotel y a reducir el consumo energ\u00e9tico y, por ende, el costo de facturaci\u00f3n, y favorecer la preservaci\u00f3n del medio ambiente.<\/p>\n<p>*** El pr\u00f3ximo lunes, <strong>John Kerry<\/strong>, el enviado de Estados Unidos para temas de cambio clim\u00e1tico, visitar\u00e1 nuestro pa\u00eds para reunirse con el presidente L\u00f3pez Obrador. \u201cTengo la esperanza de que podamos llegar a alg\u00fan acuerdo sobre c\u00f3mo abordar este a\u00f1o en t\u00e9rminos de energ\u00edas renovables y alternativas\u201d, dijo Kerry. No, pues que se prepare para enfrentar la necedad del tabasque\u00f1o, que supone que tiene \u201cla sart\u00e9n por el mango\u201d frente al gobierno del presidente <strong>Joe Biden<\/strong>.<\/p>\n<p><u><a href=\"mailto:morcora@gmail.com\" target=\"_blank\" rel=\"noopener noreferrer\"><em>morcora@gmail.com<\/em><\/a><\/u><\/p>\n","protected":false},"excerpt":{"rendered":"<p><span style=\"color: #005497;\"><strong>Adriana Moreno Cordero<\/strong><\/span><\/p>\n","protected":false},"author":3,"featured_media":0,"comment_status":"open","ping_status":"open","sticky":false,"template":"","format":"standard","meta":{"_monsterinsights_skip_tracking":false,"_monsterinsights_sitenote_active":false,"_monsterinsights_sitenote_note":"","_monsterinsights_sitenote_category":0,"footnotes":""},"categories":[69370],"tags":[69369,69368,43674],"class_list":["post-549521","post","type-post","status-publish","format-standard","hentry","category-adriana-moreno-cordero","tag-adriana-moreno-cordero","tag-la-retaguardia","tag-opinion"],"_links":{"self":[{"href":"https:\/\/www.diarioimagen.net\/index.php?rest_route=\/wp\/v2\/posts\/549521","targetHints":{"allow":["GET"]}}],"collection":[{"href":"https:\/\/www.diarioimagen.net\/index.php?rest_route=\/wp\/v2\/posts"}],"about":[{"href":"https:\/\/www.diarioimagen.net\/index.php?rest_route=\/wp\/v2\/types\/post"}],"author":[{"embeddable":true,"href":"https:\/\/www.diarioimagen.net\/index.php?rest_route=\/wp\/v2\/users\/3"}],"replies":[{"embeddable":true,"href":"https:\/\/www.diarioimagen.net\/index.php?rest_route=%2Fwp%2Fv2%2Fcomments&post=549521"}],"version-history":[{"count":0,"href":"https:\/\/www.diarioimagen.net\/index.php?rest_route=\/wp\/v2\/posts\/549521\/revisions"}],"wp:attachment":[{"href":"https:\/\/www.diarioimagen.net\/index.php?rest_route=%2Fwp%2Fv2%2Fmedia&parent=549521"}],"wp:term":[{"taxonomy":"category","embeddable":true,"href":"https:\/\/www.diarioimagen.net\/index.php?rest_route=%2Fwp%2Fv2%2Fcategories&post=549521"},{"taxonomy":"post_tag","embeddable":true,"href":"https:\/\/www.diarioimagen.net\/index.php?rest_route=%2Fwp%2Fv2%2Ftags&post=549521"}],"curies":[{"name":"wp","href":"https:\/\/api.w.org\/{rel}","templated":true}]}}