{"id":549530,"date":"2022-06-10T00:08:03","date_gmt":"2022-06-10T05:08:03","guid":{"rendered":"https:\/\/www.diarioimagen.net\/?p=549530"},"modified":"2022-06-10T00:49:21","modified_gmt":"2022-06-10T05:49:21","slug":"el-pri-y-su-futuro","status":"publish","type":"post","link":"https:\/\/www.diarioimagen.net\/?p=549530","title":{"rendered":"El PRI y su futuro"},"content":{"rendered":"<h2>Punto por punto<\/h2>\n<h5>Augusto Corro<\/h5>\n<p>&nbsp;<\/p>\n<p>Son diversas opiniones sobre lo ocurrido en el domingo electoral, 5 de junio, que los partidos opositores integrantes de la alianza \u201cVa por M\u00e9xico\u201d s\u00f3lo ganaron dos de seis estados en donde se efectu\u00f3 la contienda en la que se vot\u00f3 por nuevos gobernadores.<\/p>\n<p>La coalici\u00f3n PAN, PRI y PRD triunf\u00f3 en Aguascalientes y Durango. En el primer caso, el ganador fue una representante panista; en el segundo un priista. Los perredistas \u00fanicamente sirvieron de apoyo.<\/p>\n<p>Las cuatro entidades restantes: Oaxaca, Hidalgo, Quintana Roo y Tamaulipas ser\u00e1n gobernadas por morenistas. Una vez conocidos los resultados se inici\u00f3 el an\u00e1lisis sobre el papel de los partidos en las elecciones.<\/p>\n<p>El m\u00e1s afectado fue el Partido Revolucionario Institucional (PRI) que no pudo retener el poder en Hidalgo y Oaxaca. Estos estados eran reconocidos como bastiones tricolores desde hace varias d\u00e9cadas.<\/p>\n<p>Ahora ser\u00e1n gobernados por gobernadores de extracci\u00f3n morenista. Las derrotas son m\u00e1s clavos para el ata\u00fad priista que podr\u00eda enfilarse a su desaparici\u00f3n. Ser\u00e1 la pr\u00f3xima elecci\u00f3n en el Estado de M\u00e9xico, una probable prueba definitiva.<\/p>\n<p>Si los priistas logran gobernar en Edomex, la \u201cjoya de la corona\u201d, tendr\u00e1n un poco de ox\u00edgeno para mantenerse con vida. De ocurrir lo contrario, habr\u00e1 que cantarle \u201cLas golondrinas\u201d.<\/p>\n<p>Mientras se llega a las fechas, el PRI es sometido a un bombardeo de declaraciones por el p\u00e9simo manejo pol\u00edtico de sus l\u00edderes. Su presidente, ex gobernador campechano y diputado, Alejandro Moreno C\u00e1rdenas (a) \u201cAlito\u201d, es el blanco de toda clase de ataques.<\/p>\n<p>Agrupaciones priistas y militantes \u201cdistinguidos\u201d plantean o exigen la renuncia de \u201cAlito\u201d a la dirigencia. Esta petici\u00f3n crecer\u00e1 poco a poco, pues, el ex mandatario estatal fue exhibido en varios audios como un saqueador de los recursos p\u00fablicos.<\/p>\n<p>Adem\u00e1s de manifestar su malestar con los representantes de los medios de comunicaci\u00f3n, le dijo al interlocutor que a \u201clos periodistas no hay que matarlos a balazos, pap\u00e1, hay que matarlos de hambre.<\/p>\n<p style=\"text-align: center;\"><strong>Enfrentar la realidad<\/strong><\/p>\n<p>En el PRI esperar\u00e1n lo que determine \u201cAlito\u201d sobre el rumbo que seguir\u00e1 ese instituto pol\u00edtico y esto depender\u00e1 lo que piensen los propios militantes tricolores; pero principalmente sus socios de la alianza \u201cVa por M\u00e9xico\u201d.<\/p>\n<p>Uno de los jefes de la citada coalici\u00f3n, el empresario Claudio X. Gonz\u00e1lez, revel\u00f3 que Moreno C\u00e1rdenas utiliz\u00f3 su influencia pol\u00edtica para triangular dinero a trav\u00e9s de la compra y venta de inmuebles, con el fin de no dejar rastro en sus declaraciones patrimoniales.<\/p>\n<p>Pero en el rengl\u00f3n meramente pol\u00edtico, seguramente se revisar\u00e1 qu\u00e9 tanto aport\u00f3 el Revolucionario Institucional en las elecciones en las que particip\u00f3 como socio del PAN y del PRD. \u00bfC\u00f3mo se alinear\u00e1n dichos partidos en la contienda electoral de 2023 y 2024?<\/p>\n<p>En la revoltura de supuestas ideolog\u00edas, en las que compiten la izquierda, la derecha y centro izquierda, los electores, confundidos, lo piensan para emitir su voto para tal o cual candidato.<\/p>\n<p>En Acci\u00f3n Nacional, en su oportunidad, decidir\u00e1n si siguen aliados con el PRI y el PRD. Pero antes, las organizaciones pol\u00edticas tendr\u00e1n que buscar las f\u00f3rmulas para hacer atractivas las invitaciones a votar.<\/p>\n<p>A promover el voto plantados en una realidad que les permita a los partidos pol\u00edticos actuar cerca o junto a la poblaci\u00f3n que ahora tienen en el olvido.<\/p>\n<p>Los partidos de oposici\u00f3n deber\u00e1n renovarse. Contar con dirigentes capaces de mantener a sus organizaciones pol\u00edticas en los primeros lugares. Que aprovechen las experiencias de la lucha partidista para no repetir los errores.\u00a0 De los opositores, Movimiento Ciudadano, de Dante Delgado, tratar\u00e1 de participar, sin alianza alguna, en la contienda electoral presidencial.<\/p>\n<p>Es el instituto pol\u00edtico que tuvo resultados que lo animan a seguir en la arena pol\u00edtica. Tiene en su poder la gubernatura de Jalisco y de Nuevo Le\u00f3n, dos entidades importantes en la econom\u00eda y en la pol\u00edtica mexicana.<\/p>\n<p>Los otros partidos tratar\u00e1n de aliarse con el MC. Acci\u00f3n Nacional deber\u00e1 decidir si invita a los dirigentes emecistas a la coalici\u00f3n. \u00bfY el PAN y el PRD? Ambos en decadencia no representan una preocupaci\u00f3n en la lucha pol\u00edtica.<\/p>\n<p>Ante la ausencia de una oposici\u00f3n partidista importante, los morenistas se preparan para su guerra interna.<\/p>\n<p>\u00bfUsted qu\u00e9 opina amable lector?<\/p>\n<p><a href=\"mailto:aco2742@hotmail.com\" target=\"_blank\" rel=\"noopener noreferrer\"><em>aco2742@hotmail.com<\/em><\/a><\/p>\n","protected":false},"excerpt":{"rendered":"<p><span style=\"color: #005497;\"><strong>Augusto Corro<\/strong><\/span><\/p>\n","protected":false},"author":3,"featured_media":0,"comment_status":"open","ping_status":"open","sticky":false,"template":"","format":"standard","meta":{"_monsterinsights_skip_tracking":false,"_monsterinsights_sitenote_active":false,"_monsterinsights_sitenote_note":"","_monsterinsights_sitenote_category":0,"footnotes":""},"categories":[157],"tags":[43686,43674,11515],"class_list":["post-549530","post","type-post","status-publish","format-standard","hentry","category-augusto-corro","tag-augusto-corro","tag-opinion","tag-punto-por-punto"],"_links":{"self":[{"href":"https:\/\/www.diarioimagen.net\/index.php?rest_route=\/wp\/v2\/posts\/549530","targetHints":{"allow":["GET"]}}],"collection":[{"href":"https:\/\/www.diarioimagen.net\/index.php?rest_route=\/wp\/v2\/posts"}],"about":[{"href":"https:\/\/www.diarioimagen.net\/index.php?rest_route=\/wp\/v2\/types\/post"}],"author":[{"embeddable":true,"href":"https:\/\/www.diarioimagen.net\/index.php?rest_route=\/wp\/v2\/users\/3"}],"replies":[{"embeddable":true,"href":"https:\/\/www.diarioimagen.net\/index.php?rest_route=%2Fwp%2Fv2%2Fcomments&post=549530"}],"version-history":[{"count":0,"href":"https:\/\/www.diarioimagen.net\/index.php?rest_route=\/wp\/v2\/posts\/549530\/revisions"}],"wp:attachment":[{"href":"https:\/\/www.diarioimagen.net\/index.php?rest_route=%2Fwp%2Fv2%2Fmedia&parent=549530"}],"wp:term":[{"taxonomy":"category","embeddable":true,"href":"https:\/\/www.diarioimagen.net\/index.php?rest_route=%2Fwp%2Fv2%2Fcategories&post=549530"},{"taxonomy":"post_tag","embeddable":true,"href":"https:\/\/www.diarioimagen.net\/index.php?rest_route=%2Fwp%2Fv2%2Ftags&post=549530"}],"curies":[{"name":"wp","href":"https:\/\/api.w.org\/{rel}","templated":true}]}}