{"id":549534,"date":"2022-06-10T00:03:52","date_gmt":"2022-06-10T05:03:52","guid":{"rendered":"https:\/\/www.diarioimagen.net\/?p=549534"},"modified":"2022-06-10T00:51:25","modified_gmt":"2022-06-10T05:51:25","slug":"gobernantes-morenistas-violadores-de-la-ley","status":"publish","type":"post","link":"https:\/\/www.diarioimagen.net\/?p=549534","title":{"rendered":"Gobernantes morenistas, violadores de la ley"},"content":{"rendered":"<h2>Espacio Electoral<\/h2>\n<h5>Eleazar Flores<\/h5>\n<p><strong>\u00a0<\/strong><\/p>\n<p><strong>SHEINBAUM, LA M\u00c1S-.<\/strong> El Tribunal Electoral del Poder Judicial de la Federaci\u00f3n (TEPJF) dictamin\u00f3 que todos los gobiernos estatales de Movimiento Regeneraci\u00f3n Nacional violaron la ley al promover la Revocaci\u00f3n de Mandato, siendo la m\u00e1s violadora la Jefa de gobierno con quince faltas y el de San Luis Potos\u00ed, el segundo.<\/p>\n<p>Pero \u00a1oh desencanto!, cuando se esperaba la sanci\u00f3n por parte del mismo TEPJF no fue as\u00ed, pues dej\u00f3 esa facultad a los Congresos locales, -controlados por los Ejecutivos respectivos-, lo que ser\u00e1 casi imposible, pues imag\u00ednese que los legisladores chilangos se atrevan a castigar a la \u201cconsen\u201d.<\/p>\n<p>El dictamen del tribunal electoral federal dado a conocer el mi\u00e9rcoles, fue de cuatro votos a favor por tres en contra, sugiri\u00e9ndose adem\u00e1s que fuera el propio TEPJF el que diera a conocer la o las sanciones a que se hayan hecho acreedores los gobernadores infractores o bien\u00a0 canalizar esa facultad al Instituto Nacional Electoral, enemigo n\u00famero uno del padre de la Cuarta Transformaci\u00f3n.<\/p>\n<p>Previendo este panorama, los integrantes del TEPJF optaron por canalizar ese tipo de sanciones a las Legislaturas de las entidades gobernadas por Morena, incluyendo la Ciudad de M\u00e9xico, lugares m\u00e1s propicios donde los mandatario-as cometieron esas infracciones.<\/p>\n<p>El propio Tribunal o incluso el mismo Instituto Nacional Electoral pudieron asumir esa responsabilidad que pudiera haber sido m\u00e1s rigorista tal vez, pero delegaron esa tarea a las Legislaturas locales, seguramente con fines pol\u00edticos, pues apueste y ganar\u00e1 a que los diputados chilangos, potosinos, michoacano y dem\u00e1s \u201cmorenos\u201d ser\u00e1n ben\u00e9volos y hasta podr\u00edan ignorar los casos\u2026 al tiempo<\/p>\n<p><strong>EDOMEX-.<\/strong> En tiempo cuasi electorales y para ir calentando las fr\u00edas aguas mexiquenses, los partidos pol\u00edticos y algunos de sus dirigentes, protagonistas y prospectos para la elecci\u00f3n de gobernador 2023-2029, empiezan a desbordarse, cuando menos en declaraciones interesadas, tanto como algunos medios y periodistas que se han abierto en favor, o en contra de algunos-as.<\/p>\n<p>Para empezar por el principio, como dir\u00eda el conspicuo don Teofilito, antes que todo deber\u00edan ponerse de acuerdo entre s\u00ed, los dirigentes de los partidos y as\u00ed evitar de entrada los evidentes divisionismos para determinar qu\u00e9 partido propone, a qui\u00e9n, y de ah\u00ed empezar los cabildeos e ir proyectando a la persona\u00a0 abanderada primero del partido y luego de la coalici\u00f3n.<\/p>\n<p>No hacerlo as\u00ed terminar\u00eda en \u201ccolisi\u00f3n\u201d, como la que ya se da al interior del PRI, pues con la reestructuraci\u00f3n que viene haciendo su presidente actual Eric Sevilla, sacando a quienes hab\u00eda dejado su antecesora\u00a0 Alejandra Del Moral a todos los niveles\u2026 lo de la uni\u00f3n est\u00e1 por verse.<\/p>\n<p>Y conste que la incumplidora izcallense pregona y se siente la \u201cbuena\u201d para el 2023.<\/p>\n<p><em><a href=\"mailto:elefa44@gmail.com\" target=\"_blank\" rel=\"noopener noreferrer\">elefa44@gmail.com<\/a><\/em><\/p>\n","protected":false},"excerpt":{"rendered":"<p><span style=\"color: #005497;\"><strong>Eleazar Flores<\/strong><\/span><\/p>\n","protected":false},"author":3,"featured_media":0,"comment_status":"open","ping_status":"open","sticky":false,"template":"","format":"standard","meta":{"_monsterinsights_skip_tracking":false,"_monsterinsights_sitenote_active":false,"_monsterinsights_sitenote_note":"","_monsterinsights_sitenote_category":0,"footnotes":""},"categories":[81743],"tags":[81744,81776,43674],"class_list":["post-549534","post","type-post","status-publish","format-standard","hentry","category-eleazar-flores","tag-eleazar-flores","tag-espacio-electoral","tag-opinion"],"_links":{"self":[{"href":"https:\/\/www.diarioimagen.net\/index.php?rest_route=\/wp\/v2\/posts\/549534","targetHints":{"allow":["GET"]}}],"collection":[{"href":"https:\/\/www.diarioimagen.net\/index.php?rest_route=\/wp\/v2\/posts"}],"about":[{"href":"https:\/\/www.diarioimagen.net\/index.php?rest_route=\/wp\/v2\/types\/post"}],"author":[{"embeddable":true,"href":"https:\/\/www.diarioimagen.net\/index.php?rest_route=\/wp\/v2\/users\/3"}],"replies":[{"embeddable":true,"href":"https:\/\/www.diarioimagen.net\/index.php?rest_route=%2Fwp%2Fv2%2Fcomments&post=549534"}],"version-history":[{"count":0,"href":"https:\/\/www.diarioimagen.net\/index.php?rest_route=\/wp\/v2\/posts\/549534\/revisions"}],"wp:attachment":[{"href":"https:\/\/www.diarioimagen.net\/index.php?rest_route=%2Fwp%2Fv2%2Fmedia&parent=549534"}],"wp:term":[{"taxonomy":"category","embeddable":true,"href":"https:\/\/www.diarioimagen.net\/index.php?rest_route=%2Fwp%2Fv2%2Fcategories&post=549534"},{"taxonomy":"post_tag","embeddable":true,"href":"https:\/\/www.diarioimagen.net\/index.php?rest_route=%2Fwp%2Fv2%2Ftags&post=549534"}],"curies":[{"name":"wp","href":"https:\/\/api.w.org\/{rel}","templated":true}]}}