{"id":549650,"date":"2022-06-13T00:06:17","date_gmt":"2022-06-13T05:06:17","guid":{"rendered":"https:\/\/www.diarioimagen.net\/?p=549650"},"modified":"2022-06-13T20:26:01","modified_gmt":"2022-06-14T01:26:01","slug":"fernanda-medina-orgullosa-de-ganar-medallas-para-la-uaemex-en-universiada-nacional","status":"publish","type":"post","link":"https:\/\/www.diarioimagen.net\/?p=549650","title":{"rendered":"Fernanda Medina, orgullosa de ganar medallas para la UAEM\u00e9x en Universiada Nacional"},"content":{"rendered":"<p><em>\u00a0<\/em><\/p>\n<ul>\n<li><strong><em>La estudiante del sexto semestre de la <\/em><em>Licenciatura en Terapia F\u00edsica gan\u00f3 medalla de oro en los 5000 metros planos y plata en los 1500 metros planos en Ciudad Ju\u00e1rez, Chihuahua<\/em><\/strong><\/li>\n<\/ul>\n<p><strong>\u00a0<\/strong><\/p>\n<div id=\"attachment_549752\" style=\"width: 470px\" class=\"wp-caption aligncenter\"><img loading=\"lazy\" decoding=\"async\" aria-describedby=\"caption-attachment-549752\" class=\"size-full wp-image-549752\" src=\"https:\/\/www.diarioimagen.net\/wp-content\/uploads\/2022\/06\/uaem-7.jpg\" alt=\"\" width=\"460\" height=\"270\" \/><p id=\"caption-attachment-549752\" class=\"wp-caption-text\">La universitaria Mar\u00eda Fernanda Medina Aramburo refiri\u00f3 que fue su padre quien la motiv\u00f3 a practicar el atletismo, que adem\u00e1s era una forma de convivir con \u00e9l. \u201cAl ingresar a la preparatoria me involucr\u00e9 m\u00e1s con el deporte y, en particular, con el atletismo\u201d.<\/p><\/div>\n<p>&nbsp;<\/p>\n<p><strong>Toluca, Estado de M\u00e9xico.\u2014<\/strong> El prestigio que distingue a la Universidad Aut\u00f3noma del Estado de M\u00e9xico a nivel nacional atrajo a Mar\u00eda Fernanda Medina Aramburo, originaria de Tijuana, Baja California, a estudiar la Licenciatura en Terapia F\u00edsica en la Facultad de Medicina, en Toluca.<\/p>\n<p>La estudiante del sexto semestre de dicha carrera y ganadora de medalla de oro en los 5000 metros planos y plata en los 1500 metros planos en la Universiada Nacional 2022, realizada en Ciudad Ju\u00e1rez, Chihuahua, se\u00f1al\u00f3 que en su ciudad no exist\u00edan universidades p\u00fablicas que ofrecieran esta licenciatura, as\u00ed que busc\u00f3 opciones y, por su calidad, eligi\u00f3 a la M\u00e1xima Casa de Estudios mexiquense.<\/p>\n<p>\u201cSiempre quise estudiar una carrera del \u00e1rea de Ciencias de la Salud, as\u00ed que debido a que ya me dedicaba al atletismo, opt\u00e9 por Terapia F\u00edsica, que finalmente se adecuaba al estilo de vida que deseaba. Por las molestias o peque\u00f1as lesiones que llegu\u00e9 a tener, me vincul\u00e9 con el \u00e1rea de la fisioterapia y me encant\u00f3, me fascin\u00f3 desde el primer momento\u201d, detall\u00f3.<\/p>\n<p>La deportista universitaria refiri\u00f3 que fue su padre quien la motiv\u00f3 a practicar el atletismo, que adem\u00e1s era una forma de convivir con \u00e9l. \u201cAl ingresar a la preparatoria me involucr\u00e9 m\u00e1s con el deporte y, en particular, con el atletismo\u201d.<\/p>\n<p>Se\u00f1al\u00f3 que esta fue la primera ocasi\u00f3n que compiti\u00f3 en la Universidad Nacional, justa en la que desea participar en otras ocasiones, demostrando un buen nivel en el atletismo y que se puede ser buena estudiante y deportista.<\/p>\n<p>\u201cEn el 2020 ir\u00edamos a la Universiada Nacional, pero por la pandemia no se hizo realidad. Ten\u00eda la espinita de representar a la Universidad Aut\u00f3noma del Estado de M\u00e9xico y ahora estoy muy orgullosa de tener estas dos preseas. Es un gran logro y voy por m\u00e1s\u201d, afirm\u00f3 Mar\u00eda Fernanda Medina Aramburo.<\/p>\n<p>Cabe hacer mebci\u00f3n que con la obtenci\u00f3n de estas dos preseas, Mar\u00eda Fernanda estar\u00e1 participando en los II Juegos Panamericanos Universitarios a desarrollarse en el mes de julio en M\u00e9rida, Yucat\u00e1n.<\/p>\n","protected":false},"excerpt":{"rendered":"<p>El prestigio que distingue a la Universidad Aut\u00f3noma del Estado de M\u00e9xico a nivel nacional atrajo a Mar\u00eda Fernanda Medina Aramburo, originaria de Tijuana, Baja California, a estudiar la Licenciatura en Terapia F\u00edsica en la Facultad de Medicina, en Toluca.<\/p>\n","protected":false},"author":3,"featured_media":549752,"comment_status":"open","ping_status":"open","sticky":false,"template":"","format":"standard","meta":{"_monsterinsights_skip_tracking":false,"_monsterinsights_sitenote_active":false,"_monsterinsights_sitenote_note":"","_monsterinsights_sitenote_category":0,"footnotes":""},"categories":[5],"tags":[19561,67878,72989],"class_list":["post-549650","post","type-post","status-publish","format-standard","has-post-thumbnail","hentry","category-estado-de-mexico","tag-medallas","tag-uaemex","tag-universiada-nacional"],"_links":{"self":[{"href":"https:\/\/www.diarioimagen.net\/index.php?rest_route=\/wp\/v2\/posts\/549650","targetHints":{"allow":["GET"]}}],"collection":[{"href":"https:\/\/www.diarioimagen.net\/index.php?rest_route=\/wp\/v2\/posts"}],"about":[{"href":"https:\/\/www.diarioimagen.net\/index.php?rest_route=\/wp\/v2\/types\/post"}],"author":[{"embeddable":true,"href":"https:\/\/www.diarioimagen.net\/index.php?rest_route=\/wp\/v2\/users\/3"}],"replies":[{"embeddable":true,"href":"https:\/\/www.diarioimagen.net\/index.php?rest_route=%2Fwp%2Fv2%2Fcomments&post=549650"}],"version-history":[{"count":0,"href":"https:\/\/www.diarioimagen.net\/index.php?rest_route=\/wp\/v2\/posts\/549650\/revisions"}],"wp:featuredmedia":[{"embeddable":true,"href":"https:\/\/www.diarioimagen.net\/index.php?rest_route=\/wp\/v2\/media\/549752"}],"wp:attachment":[{"href":"https:\/\/www.diarioimagen.net\/index.php?rest_route=%2Fwp%2Fv2%2Fmedia&parent=549650"}],"wp:term":[{"taxonomy":"category","embeddable":true,"href":"https:\/\/www.diarioimagen.net\/index.php?rest_route=%2Fwp%2Fv2%2Fcategories&post=549650"},{"taxonomy":"post_tag","embeddable":true,"href":"https:\/\/www.diarioimagen.net\/index.php?rest_route=%2Fwp%2Fv2%2Ftags&post=549650"}],"curies":[{"name":"wp","href":"https:\/\/api.w.org\/{rel}","templated":true}]}}