{"id":549654,"date":"2022-06-13T00:02:29","date_gmt":"2022-06-13T05:02:29","guid":{"rendered":"https:\/\/www.diarioimagen.net\/?p=549654"},"modified":"2022-06-14T01:49:33","modified_gmt":"2022-06-14T06:49:33","slug":"repunte-de-covid-en-cdmx-no-es-grave-dice-sheinbaum","status":"publish","type":"post","link":"https:\/\/www.diarioimagen.net\/?p=549654","title":{"rendered":"Repunte de Covid en CDMX no es grave, dice Sheinbaum"},"content":{"rendered":"<p>&nbsp;<\/p>\n<h3 style=\"text-align: center;\">Inicia quinta ola de infecciones<\/h3>\n<p>&nbsp;<\/p>\n<ul>\n<li><strong><em>Ning\u00fan incremento en hospitalizaciones porque estamos vacunados, se\u00f1ala<\/em><\/strong><\/li>\n<\/ul>\n<p>&nbsp;<\/p>\n<div id=\"attachment_549748\" style=\"width: 470px\" class=\"wp-caption aligncenter\"><img loading=\"lazy\" decoding=\"async\" aria-describedby=\"caption-attachment-549748\" class=\"size-full wp-image-549748\" src=\"https:\/\/www.diarioimagen.net\/wp-content\/uploads\/2022\/06\/QUINTA-OLA-COVID.jpg\" alt=\"\" width=\"460\" height=\"270\" \/><p id=\"caption-attachment-549748\" class=\"wp-caption-text\">Con\u00a0 6 mil 170 contagios m\u00e1s en un d\u00eda, M\u00e9xico alcanz\u00f3 los 5 millones 814 mil 866 casos confirmados, des que inici\u00f3 la pandemia.<\/p><\/div>\n<p>&nbsp;<\/p>\n<p>Debido a la vacunaci\u00f3n contra Covid-19, el aumento de contagios en la capital del pa\u00eds, no son graves, asegur\u00f3 la jefa de Gobierno de la Ciudad de M\u00e9xico, Claudia Sheinbaum.<\/p>\n<p>Explic\u00f3 que no se puede atribuir a algo en espec\u00edfico esta nueva ola de contagios. \u201cEs dif\u00edcil saber a qu\u00e9 se atribuyen, obviamente la actividad econ\u00f3mica pr\u00e1cticamente ya est\u00e1 a niveles pre pandemia. Lo bueno de todo esto es que no hay hospitalizaciones, es decir, no ha habido incremento en hospitalizaciones y eso tiene que ver principalmente porque estamos vacunados\u201d, asegur\u00f3.<\/p>\n<p>\u201cA\u00fan la vacuna no evita que te contagies, la vacuna lo que hace es que cuando te contagias la posibilidad de que sea grave es muy, muy baja. Aumenta el n\u00famero de contagios, pero no es una enfermedad grave\u201d, se\u00f1al\u00f3.<\/p>\n<p style=\"text-align: center;\"><strong>M\u00e9xico registra 6 mil 170 nuevos contagios y 53 muertes en 24 horas<\/strong><\/p>\n<p>M\u00e9xico registr\u00f3 53 decesos en un d\u00eda, llegando a m\u00e1s de 325 mil\u00a0 fallecidos por Covid-19, desde que comenz\u00f3 la pandemia, report\u00f3 la Secretar\u00eda de Salud (Ssa) federal.<\/p>\n<p>En este mismo lapso, report\u00f3 6 mil 170 contagios, por lo que el pa\u00eds alcanz\u00f3 los 5 millones 814 mil 866 casos confirmados, de acuerdo al informe t\u00e9cnico sobre coronavirus, correspondiente al fin de semana. De acuerdo a datos de la Ssa, en las \u00faltimas cinco semanas, los casos est\u00e1n presentes en los grupos de 18 a 29 a\u00f1os, de 30 a 39 a\u00f1os y 40 a 49 a\u00f1os. Las entidades que acumulan el mayor n\u00famero de casos son Ciudad de M\u00e9xico, Estado de M\u00e9xico, Nuevo Le\u00f3n, Guanajuato, Jalisco, Tabasco, San Luis Potos\u00ed, Veracruz, Puebla y Sonora.<\/p>\n<p>El reporte refiri\u00f3 que en las \u00faltimas 24 horas, y por quinto d\u00eda consecutivo, la disponibilidad de camas generales y con ventilador mec\u00e1nico se mantiene en 97 y 99 por ciento, respectivamente.<\/p>\n<p>La dependencia federal se\u00f1al\u00f3 que la vacunaci\u00f3n es la medida m\u00e1s importante para disminuir el riesgo de presentar un cuadro grave o morir por SARS-CoV-2 y reiter\u00f3 la invitaci\u00f3n a las personas de 12 a\u00f1os en adelante que no han iniciado o completado el esquema. As\u00ed como a las mayores de 18 a\u00f1os que no se han aplicado el refuerzo a que acudan a inmunizarse. \u201cAdem\u00e1s de la vacunaci\u00f3n es necesario mantener las medidas b\u00e1sicas de prevenci\u00f3n: uso de cubrebocas donde sea necesario y de acuerdo con las medidas dispuestas en cada localidad; as\u00ed como sana distancia, lavado frecuente de manos con agua y jab\u00f3n o aplicaci\u00f3n de alcohol-gel y ventilaci\u00f3n de espacios\u201d, sostuvo la dependencia.<\/p>\n","protected":false},"excerpt":{"rendered":"<p>Debido a la vacunaci\u00f3n contra Covid-19, el aumento de contagios en la capital del pa\u00eds, no son graves, asegur\u00f3 la jefa de Gobierno de la Ciudad de M\u00e9xico, Claudia Sheinbaum.<\/p>\n","protected":false},"author":3,"featured_media":549748,"comment_status":"open","ping_status":"open","sticky":false,"template":"","format":"standard","meta":{"_monsterinsights_skip_tracking":false,"_monsterinsights_sitenote_active":false,"_monsterinsights_sitenote_note":"","_monsterinsights_sitenote_category":0,"footnotes":""},"categories":[6],"tags":[95697,34444,72207,29516,43692],"class_list":["post-549654","post","type-post","status-publish","format-standard","has-post-thumbnail","hentry","category-cd-de-mexico","tag-a-la-alza","tag-cdmx","tag-claudia-sheinbaum-pardo","tag-pandemia","tag-salud"],"_links":{"self":[{"href":"https:\/\/www.diarioimagen.net\/index.php?rest_route=\/wp\/v2\/posts\/549654","targetHints":{"allow":["GET"]}}],"collection":[{"href":"https:\/\/www.diarioimagen.net\/index.php?rest_route=\/wp\/v2\/posts"}],"about":[{"href":"https:\/\/www.diarioimagen.net\/index.php?rest_route=\/wp\/v2\/types\/post"}],"author":[{"embeddable":true,"href":"https:\/\/www.diarioimagen.net\/index.php?rest_route=\/wp\/v2\/users\/3"}],"replies":[{"embeddable":true,"href":"https:\/\/www.diarioimagen.net\/index.php?rest_route=%2Fwp%2Fv2%2Fcomments&post=549654"}],"version-history":[{"count":0,"href":"https:\/\/www.diarioimagen.net\/index.php?rest_route=\/wp\/v2\/posts\/549654\/revisions"}],"wp:featuredmedia":[{"embeddable":true,"href":"https:\/\/www.diarioimagen.net\/index.php?rest_route=\/wp\/v2\/media\/549748"}],"wp:attachment":[{"href":"https:\/\/www.diarioimagen.net\/index.php?rest_route=%2Fwp%2Fv2%2Fmedia&parent=549654"}],"wp:term":[{"taxonomy":"category","embeddable":true,"href":"https:\/\/www.diarioimagen.net\/index.php?rest_route=%2Fwp%2Fv2%2Fcategories&post=549654"},{"taxonomy":"post_tag","embeddable":true,"href":"https:\/\/www.diarioimagen.net\/index.php?rest_route=%2Fwp%2Fv2%2Ftags&post=549654"}],"curies":[{"name":"wp","href":"https:\/\/api.w.org\/{rel}","templated":true}]}}