{"id":549661,"date":"2022-06-13T00:02:16","date_gmt":"2022-06-13T05:02:16","guid":{"rendered":"https:\/\/www.diarioimagen.net\/?p=549661"},"modified":"2022-06-13T02:02:32","modified_gmt":"2022-06-13T07:02:32","slug":"el-revolucionario-institucional-y-unidad-revolucionaria-unidos-por-el-edomex","status":"publish","type":"post","link":"https:\/\/www.diarioimagen.net\/?p=549661","title":{"rendered":"El Revolucionario Institucional y Unidad Revolucionaria, unidos por el Edomex"},"content":{"rendered":"<p>&nbsp;<\/p>\n<ul>\n<li><strong><em>Afirma el l\u00edder Froyl\u00e1n Santana<\/em><\/strong><\/li>\n<\/ul>\n<p>&nbsp;<\/p>\n<h6>Arturo Baena<\/h6>\n<p>&nbsp;<\/p>\n<div id=\"attachment_549769\" style=\"width: 470px\" class=\"wp-caption aligncenter\"><img loading=\"lazy\" decoding=\"async\" aria-describedby=\"caption-attachment-549769\" class=\"size-full wp-image-549769\" src=\"https:\/\/www.diarioimagen.net\/wp-content\/uploads\/2022\/06\/valle-pri.jpg\" alt=\"\" width=\"460\" height=\"270\" \/><p id=\"caption-attachment-549769\" class=\"wp-caption-text\">Froyl\u00e1n Santana, dirigente estatal de Unidad Revolucionaria, al t\u00e9rmino de una reuni\u00f3n con integrantes de Acci\u00f3n Femenil de Zinacantepec.<\/p><\/div>\n<p>&nbsp;<\/p>\n<p><strong>Valle de M\u00e9xico.\u2014<\/strong> El priismo del Estado de M\u00e9xico es un referente nacional del Revolucionario Institucional que sigue trabajando en la consolidaci\u00f3n de acuerdos para tener un partido unido, preparado y fuerte para lo que est\u00e1 por venir.<\/p>\n<p>Se\u00f1al\u00f3 lo anterior Froyl\u00e1n Santana, dirigente estatal de Unidad Revolucionaria \u201cUR\u201d en entrevista al t\u00e9rmino de una reuni\u00f3n con integrantes de Acci\u00f3n Femenil de Zinacantepec, al tiempo de destacar que \u201clos resultados que obtuvo el Partido Revolucionario Institucional (PRI) en la pasada elecci\u00f3n, es un indicador de que nuestro partido dio resultados, pero tiene que seguir fortaleci\u00e9ndose internamente, rumbo a la elecci\u00f3n de 2023 por la gubernatura del Edom\u00e9x\u00a0 y Coahuila\u201d, dijo.<\/p>\n<p>Froyl\u00e1n Santana, afirm\u00f3 que la naturaleza del PRI, es abrigar causas, porque \u201cnacimos en un partido de masas, por eso llevamos a cabo un trabajo permanente y cercano con la ciudadan\u00eda y la militancia. Es momento de sumar y trabajar en unidad\u201d, detall\u00f3.<\/p>\n<p>Por otra parte, aseguro que \u201cestamos m\u00e1s unidos que nunca y no bajaremos el ritmo de trabajo, en UR, seguimos consolidando la fuerza del priismo mexiquense, un PRI unido, un PRI que trabaja para ganar en 2023\u201d, reiter\u00f3.<\/p>\n<p>Asimismo, reiter\u00f3 que \u201caqu\u00ed en el Estado de M\u00e9xico, tenemos un PRI constituido por mujeres y hombres de convicci\u00f3n, los pri\u00edstas mexiquenses siempre hemos sabido tomar las mejores decisiones y sin duda, llegaremos al pr\u00f3ximo proceso electoral para elegir gobernador (a) unidos, fuertes y triunfadores, puntualiz\u00f3\u201d.<\/p>\n<p>Por \u00faltimo, afirm\u00f3 que en el PRI mexiquense hay estabilidad, hay aspiraciones, pero \u201clo m\u00e1s importante es que tenemos la firme convicci\u00f3n de que las familias del Estado de M\u00e9xico vivan mejor, por eso en UR, estamos recorriendo toda la entidad mexiquense para seguir sumando voluntades\u201d, finaliz\u00f3.<\/p>\n","protected":false},"excerpt":{"rendered":"<p>El priismo del Estado de M\u00e9xico es un referente nacional del Revolucionario Institucional que sigue trabajando en la consolidaci\u00f3n de acuerdos para tener un partido unido, preparado y fuerte para lo que est\u00e1 por venir.<\/p>\n","protected":false},"author":3,"featured_media":549769,"comment_status":"open","ping_status":"open","sticky":false,"template":"","format":"standard","meta":{"_monsterinsights_skip_tracking":false,"_monsterinsights_sitenote_active":false,"_monsterinsights_sitenote_note":"","_monsterinsights_sitenote_category":0,"footnotes":""},"categories":[5],"tags":[66569,95700,362,34],"class_list":["post-549661","post","type-post","status-publish","format-standard","has-post-thumbnail","hentry","category-estado-de-mexico","tag-dirigente","tag-froylan-santana","tag-pri","tag-valle-de-mexico"],"_links":{"self":[{"href":"https:\/\/www.diarioimagen.net\/index.php?rest_route=\/wp\/v2\/posts\/549661","targetHints":{"allow":["GET"]}}],"collection":[{"href":"https:\/\/www.diarioimagen.net\/index.php?rest_route=\/wp\/v2\/posts"}],"about":[{"href":"https:\/\/www.diarioimagen.net\/index.php?rest_route=\/wp\/v2\/types\/post"}],"author":[{"embeddable":true,"href":"https:\/\/www.diarioimagen.net\/index.php?rest_route=\/wp\/v2\/users\/3"}],"replies":[{"embeddable":true,"href":"https:\/\/www.diarioimagen.net\/index.php?rest_route=%2Fwp%2Fv2%2Fcomments&post=549661"}],"version-history":[{"count":0,"href":"https:\/\/www.diarioimagen.net\/index.php?rest_route=\/wp\/v2\/posts\/549661\/revisions"}],"wp:featuredmedia":[{"embeddable":true,"href":"https:\/\/www.diarioimagen.net\/index.php?rest_route=\/wp\/v2\/media\/549769"}],"wp:attachment":[{"href":"https:\/\/www.diarioimagen.net\/index.php?rest_route=%2Fwp%2Fv2%2Fmedia&parent=549661"}],"wp:term":[{"taxonomy":"category","embeddable":true,"href":"https:\/\/www.diarioimagen.net\/index.php?rest_route=%2Fwp%2Fv2%2Fcategories&post=549661"},{"taxonomy":"post_tag","embeddable":true,"href":"https:\/\/www.diarioimagen.net\/index.php?rest_route=%2Fwp%2Fv2%2Ftags&post=549661"}],"curies":[{"name":"wp","href":"https:\/\/api.w.org\/{rel}","templated":true}]}}