{"id":549663,"date":"2022-06-13T00:03:53","date_gmt":"2022-06-13T05:03:53","guid":{"rendered":"https:\/\/www.diarioimagen.net\/?p=549663"},"modified":"2022-06-13T02:01:25","modified_gmt":"2022-06-13T07:01:25","slug":"debemos-ir-en-una-sola-linea-en-el-candidato-a-la-gubernatura-pri-pan","status":"publish","type":"post","link":"https:\/\/www.diarioimagen.net\/?p=549663","title":{"rendered":"Debemos ir en una sola l\u00ednea en el candidato a la gubernatura: PRI-PAN"},"content":{"rendered":"<p>&nbsp;<\/p>\n<ul>\n<li><strong><em>\u201cSe debe elegir a quien garantice el triunfo\u201d<\/em><\/strong><\/li>\n<\/ul>\n<p>&nbsp;<\/p>\n<h6>Arturo Baena<\/h6>\n<p>&nbsp;<\/p>\n<div id=\"attachment_549767\" style=\"width: 470px\" class=\"wp-caption aligncenter\"><img loading=\"lazy\" decoding=\"async\" aria-describedby=\"caption-attachment-549767\" class=\"size-full wp-image-549767\" src=\"https:\/\/www.diarioimagen.net\/wp-content\/uploads\/2022\/06\/valle-3.jpg\" alt=\"\" width=\"460\" height=\"270\" \/><p id=\"caption-attachment-549767\" class=\"wp-caption-text\">El diputado panista Enrique Vargas del Villar es el mejor posicionado, asegur\u00f3 el regidor Agust\u00edn Belgodere.<\/p><\/div>\n<p>&nbsp;<\/p>\n<p><strong>Valle de M\u00e9xico.\u2014<\/strong> Luego de que el pasado 9 de junio, las dirigencias nacionales del PRI, PAN y PRD confirmaron que ir\u00e1n en alianza en Coahuila y el Estado de M\u00e9xico, pri\u00edstas y panistas aseguran que \u201cse debe de elegir a quien nos garantice el triunfo en Edomex\u201d.<\/p>\n<p>Los militantes de Acci\u00f3n Nacional y del Revolucionario Institucional aseguraron que \u201cahora habr\u00e1 que esperar a que se concreten acuerdos en la entidad mexiquense y vayamos en una sola l\u00ednea para poder ganar la gubernatura. No nos equivoquemos a la hora de la verdad, vayamos por el mejor posicionado y que nos garantice cerrar el paso a Morena\u201d, coincidieron.<\/p>\n<p>En ese sentido, diversos actores pol\u00edticos del albiazul en voz del regidor, Agust\u00edn Belgodere, afirman que \u201choy por hoy, el mejor posicionado, con la trayectoria y experiencia necesaria, tiene nombre y apellido: Enrique Vargas del Villar y nadie m\u00e1s\u201d, asegur\u00f3.<\/p>\n<p>Mientras tanto, en el PRI la militancia asegura en voz de la regidora Silvia Rojas, que \u201cen tiempo y forma el tricolor dar\u00e1 a conocer a su candidato o candidata y se cuenta con diversos actores pol\u00edticos con amplia trayectoria como son Ana Lilia Herrera, Alejandra del Moral, Ernesto Nemer, Ricardo Aguilar, entre otros. Ya vendr\u00e1n las definiciones\u201d, dijo. Finalmente, los perredistas aseguran a trav\u00e9s de la regidora Lucina Cort\u00e9s que \u201c el PRD mexiquense podr\u00eda definirse por Omar Ortega, un hombre con mucha experiencia pol\u00edtica, pero ser\u00e1 finalmente el Consejo Pol\u00edtico quien determine qui\u00e9n ser\u00e1 nuestro abanderado a la gubernatura mexiquense\u201d.<\/p>\n","protected":false},"excerpt":{"rendered":"<p>Luego de que el pasado 9 de junio, las dirigencias nacionales del PRI, PAN y PRD confirmaron que ir\u00e1n en alianza en Coahuila y el Estado de M\u00e9xico, pri\u00edstas y panistas aseguran que \u201cse debe de elegir a quien nos garantice el triunfo en Edomex\u201d.<\/p>\n","protected":false},"author":3,"featured_media":549767,"comment_status":"open","ping_status":"open","sticky":false,"template":"","format":"standard","meta":{"_monsterinsights_skip_tracking":false,"_monsterinsights_sitenote_active":false,"_monsterinsights_sitenote_note":"","_monsterinsights_sitenote_category":0,"footnotes":""},"categories":[5],"tags":[57247,18402,91,211,362,34],"class_list":["post-549663","post","type-post","status-publish","format-standard","has-post-thumbnail","hentry","category-estado-de-mexico","tag-gubernatura","tag-linea","tag-pan","tag-prd","tag-pri","tag-valle-de-mexico"],"_links":{"self":[{"href":"https:\/\/www.diarioimagen.net\/index.php?rest_route=\/wp\/v2\/posts\/549663","targetHints":{"allow":["GET"]}}],"collection":[{"href":"https:\/\/www.diarioimagen.net\/index.php?rest_route=\/wp\/v2\/posts"}],"about":[{"href":"https:\/\/www.diarioimagen.net\/index.php?rest_route=\/wp\/v2\/types\/post"}],"author":[{"embeddable":true,"href":"https:\/\/www.diarioimagen.net\/index.php?rest_route=\/wp\/v2\/users\/3"}],"replies":[{"embeddable":true,"href":"https:\/\/www.diarioimagen.net\/index.php?rest_route=%2Fwp%2Fv2%2Fcomments&post=549663"}],"version-history":[{"count":0,"href":"https:\/\/www.diarioimagen.net\/index.php?rest_route=\/wp\/v2\/posts\/549663\/revisions"}],"wp:featuredmedia":[{"embeddable":true,"href":"https:\/\/www.diarioimagen.net\/index.php?rest_route=\/wp\/v2\/media\/549767"}],"wp:attachment":[{"href":"https:\/\/www.diarioimagen.net\/index.php?rest_route=%2Fwp%2Fv2%2Fmedia&parent=549663"}],"wp:term":[{"taxonomy":"category","embeddable":true,"href":"https:\/\/www.diarioimagen.net\/index.php?rest_route=%2Fwp%2Fv2%2Fcategories&post=549663"},{"taxonomy":"post_tag","embeddable":true,"href":"https:\/\/www.diarioimagen.net\/index.php?rest_route=%2Fwp%2Fv2%2Ftags&post=549663"}],"curies":[{"name":"wp","href":"https:\/\/api.w.org\/{rel}","templated":true}]}}