{"id":549665,"date":"2022-06-13T00:04:57","date_gmt":"2022-06-13T05:04:57","guid":{"rendered":"https:\/\/www.diarioimagen.net\/?p=549665"},"modified":"2022-06-13T02:00:32","modified_gmt":"2022-06-13T07:00:32","slug":"designan-nuevo-director-de-desarrollo-social-en-atizapan-de-zaragoza","status":"publish","type":"post","link":"https:\/\/www.diarioimagen.net\/?p=549665","title":{"rendered":"Designan nuevo director de Desarrollo Social en Atizap\u00e1n de Zaragoza"},"content":{"rendered":"<p>&nbsp;<\/p>\n<p><img loading=\"lazy\" decoding=\"async\" class=\"aligncenter size-full wp-image-549765\" src=\"https:\/\/www.diarioimagen.net\/wp-content\/uploads\/2022\/06\/atizapan.jpg\" alt=\"\" width=\"460\" height=\"270\" \/><\/p>\n<p>&nbsp;<\/p>\n<p><strong>Atizap\u00e1n de Zaragoza, Estado de M\u00e9xico.\u2014 <\/strong>Pedro Rodr\u00edguez Villegas, alcalde de esta localidad, tom\u00f3 protesta a Rodrigo S\u00e1nchez de la Pe\u00f1a, como nuevo titular de la Direcci\u00f3n de Desarrollo Social. S\u00e1nchez de la Pe\u00f1a se desempe\u00f1aba como encargado de despacho de la misma Direcci\u00f3n de Desarrollo Social y tambi\u00e9n fue secretario particular de la\u00a0 Presidencia Municipal en la actual administraci\u00f3n.<\/p>\n<p>El nuevo director de Desarrollo Social cuenta con un doctorado en educaci\u00f3n con maestr\u00eda en derecho fiscal y licenciatura en derecho, que ha cursado en instituciones como la Universidad del Valle de M\u00e9xico, el Centro de Estudios Superiores en Ciencias Jur\u00eddicas y Criminol\u00f3gicas, por mencionar algunas.<\/p>\n","protected":false},"excerpt":{"rendered":"<p>Pedro Rodr\u00edguez Villegas, alcalde de esta localidad, tom\u00f3 protesta a Rodrigo S\u00e1nchez de la Pe\u00f1a, como nuevo titular de la Direcci\u00f3n de Desarrollo Social. S\u00e1nchez de la Pe\u00f1a se desempe\u00f1aba como encargado de despacho de la misma Direcci\u00f3n de Desarrollo Social y tambi\u00e9n fue secretario particular de la\u00a0 Presidencia Municipal en la actual administraci\u00f3n.<\/p>\n","protected":false},"author":3,"featured_media":549765,"comment_status":"open","ping_status":"open","sticky":false,"template":"","format":"standard","meta":{"_monsterinsights_skip_tracking":false,"_monsterinsights_sitenote_active":false,"_monsterinsights_sitenote_note":"","_monsterinsights_sitenote_category":0,"footnotes":""},"categories":[5],"tags":[3561,1296,43675],"class_list":["post-549665","post","type-post","status-publish","format-standard","has-post-thumbnail","hentry","category-estado-de-mexico","tag-atizapan-de-zaragoza","tag-desarrollo-social","tag-estado-de-mexico"],"_links":{"self":[{"href":"https:\/\/www.diarioimagen.net\/index.php?rest_route=\/wp\/v2\/posts\/549665","targetHints":{"allow":["GET"]}}],"collection":[{"href":"https:\/\/www.diarioimagen.net\/index.php?rest_route=\/wp\/v2\/posts"}],"about":[{"href":"https:\/\/www.diarioimagen.net\/index.php?rest_route=\/wp\/v2\/types\/post"}],"author":[{"embeddable":true,"href":"https:\/\/www.diarioimagen.net\/index.php?rest_route=\/wp\/v2\/users\/3"}],"replies":[{"embeddable":true,"href":"https:\/\/www.diarioimagen.net\/index.php?rest_route=%2Fwp%2Fv2%2Fcomments&post=549665"}],"version-history":[{"count":0,"href":"https:\/\/www.diarioimagen.net\/index.php?rest_route=\/wp\/v2\/posts\/549665\/revisions"}],"wp:featuredmedia":[{"embeddable":true,"href":"https:\/\/www.diarioimagen.net\/index.php?rest_route=\/wp\/v2\/media\/549765"}],"wp:attachment":[{"href":"https:\/\/www.diarioimagen.net\/index.php?rest_route=%2Fwp%2Fv2%2Fmedia&parent=549665"}],"wp:term":[{"taxonomy":"category","embeddable":true,"href":"https:\/\/www.diarioimagen.net\/index.php?rest_route=%2Fwp%2Fv2%2Fcategories&post=549665"},{"taxonomy":"post_tag","embeddable":true,"href":"https:\/\/www.diarioimagen.net\/index.php?rest_route=%2Fwp%2Fv2%2Ftags&post=549665"}],"curies":[{"name":"wp","href":"https:\/\/api.w.org\/{rel}","templated":true}]}}