{"id":549667,"date":"2022-06-13T00:01:25","date_gmt":"2022-06-13T05:01:25","guid":{"rendered":"https:\/\/www.diarioimagen.net\/?p=549667"},"modified":"2022-06-13T02:49:39","modified_gmt":"2022-06-13T07:49:39","slug":"cuidar-la-salud-de-suteymistas-prioridad-asegura-el-dirigente-tomas-palomares-parra","status":"publish","type":"post","link":"https:\/\/www.diarioimagen.net\/?p=549667","title":{"rendered":"Cuidar la salud de suteymistas, prioridad, asegura el dirigente Tom\u00e1s Palomares Parra"},"content":{"rendered":"<p>&nbsp;<\/p>\n<ul>\n<li><strong><em>Acciones contra la Covid-19<\/em><\/strong><\/li>\n<\/ul>\n<p>&nbsp;<\/p>\n<h6>Arturo Baena<\/h6>\n<p>&nbsp;<\/p>\n<div id=\"attachment_549771\" style=\"width: 470px\" class=\"wp-caption aligncenter\"><img loading=\"lazy\" decoding=\"async\" aria-describedby=\"caption-attachment-549771\" class=\"size-full wp-image-549771\" src=\"https:\/\/www.diarioimagen.net\/wp-content\/uploads\/2022\/06\/Naucalpan.jpg\" alt=\"\" width=\"460\" height=\"270\" \/><p id=\"caption-attachment-549771\" class=\"wp-caption-text\">Tom\u00e1s Palomares Parra se reuni\u00f3 con el sector No. 01, de Tecamachalco del Organismo de Agua Potable, Alcantarillado y Saneamiento (OAPAS).<\/p><\/div>\n<p>&nbsp;<\/p>\n<p><strong>Naucalpan, Estado de M\u00e9xico.\u2014<\/strong> Las decisiones tomadas por la pandemia de la Covid-19 fueron las m\u00e1s acertadas, en la que se privilegi\u00f3 la salud de la clase trabajadora. No bajemos la guardia ante este virus, pues a\u00fan sigue entre nosotros.<\/p>\n<p>Asegur\u00f3 Tom\u00e1s Palomares Parra, secretario general del SUTEyM secci\u00f3n Naucalpan, luego de reiterar que despu\u00e9s de 17 meses de pandemia han podido resistir las consecuencias de esta emergencia sanitaria, sobre todo en materia econ\u00f3mica y de empleo.<\/p>\n<p>Palomares Parra acudi\u00f3 a un encuentro con el sector No. 01, de Tecamachalco del Organismo de Agua Potable, Alcantarillado y Saneamiento (OAPAS), en compa\u00f1\u00eda de su Comit\u00e9 Ejecutivo y del l\u00edder moral de la organizaci\u00f3n sindical, el diputado por el estado de M\u00e9xico, David Parra S\u00e1nchez.<\/p>\n<p>El dirigente sindical, destac\u00f3 que \u201ccuidar la salud y la vida de los agremiados del ayuntamiento y del OAPAS, fue una prioridad y se pudo enviar a sus casas a personal vulnerables y a la vez de no permitir que colapsar\u00e1n los servicios p\u00fablicos, incluso mantener una base de trabajadores que estuvo en la primera l\u00ednea del contagio\u201d, dijo.<\/p>\n<p>Por su parte, el l\u00edder moral de la secci\u00f3n sindical, David Parra S\u00e1nchez, llam\u00f3 a la base laboral a cuidar y proteger al sindicato, un gremio que es sin\u00f3nimo de lucha y trabajo en m\u00e1s de tres d\u00e9cadas.<\/p>\n<p>\u201c La unidad del SUTEyM es su fortaleza, nada ni nadie podr\u00e1 vulnerarla. Todos vamos en una sola l\u00ednea y de la mano de nuestro amigo Herminio Cahue Calder\u00f3n, secretario general de nuestro gremio en el Estado de M\u00e9xico \u201c, concluy\u00f3.<\/p>\n","protected":false},"excerpt":{"rendered":"<p>Las decisiones tomadas por la pandemia de la Covid-19 fueron las m\u00e1s acertadas, en la que se privilegi\u00f3 la salud de la clase trabajadora. No bajemos la guardia ante este virus, pues a\u00fan sigue entre nosotros.<\/p>\n","protected":false},"author":3,"featured_media":549771,"comment_status":"open","ping_status":"open","sticky":false,"template":"","format":"standard","meta":{"_monsterinsights_skip_tracking":false,"_monsterinsights_sitenote_active":false,"_monsterinsights_sitenote_note":"","_monsterinsights_sitenote_category":0,"footnotes":""},"categories":[5],"tags":[43675,970,41588,71387,56429],"class_list":["post-549667","post","type-post","status-publish","format-standard","has-post-thumbnail","hentry","category-estado-de-mexico","tag-estado-de-mexico","tag-naucalpan","tag-prioridad","tag-suteymistas","tag-tomas-palomares-parra"],"_links":{"self":[{"href":"https:\/\/www.diarioimagen.net\/index.php?rest_route=\/wp\/v2\/posts\/549667","targetHints":{"allow":["GET"]}}],"collection":[{"href":"https:\/\/www.diarioimagen.net\/index.php?rest_route=\/wp\/v2\/posts"}],"about":[{"href":"https:\/\/www.diarioimagen.net\/index.php?rest_route=\/wp\/v2\/types\/post"}],"author":[{"embeddable":true,"href":"https:\/\/www.diarioimagen.net\/index.php?rest_route=\/wp\/v2\/users\/3"}],"replies":[{"embeddable":true,"href":"https:\/\/www.diarioimagen.net\/index.php?rest_route=%2Fwp%2Fv2%2Fcomments&post=549667"}],"version-history":[{"count":0,"href":"https:\/\/www.diarioimagen.net\/index.php?rest_route=\/wp\/v2\/posts\/549667\/revisions"}],"wp:featuredmedia":[{"embeddable":true,"href":"https:\/\/www.diarioimagen.net\/index.php?rest_route=\/wp\/v2\/media\/549771"}],"wp:attachment":[{"href":"https:\/\/www.diarioimagen.net\/index.php?rest_route=%2Fwp%2Fv2%2Fmedia&parent=549667"}],"wp:term":[{"taxonomy":"category","embeddable":true,"href":"https:\/\/www.diarioimagen.net\/index.php?rest_route=%2Fwp%2Fv2%2Fcategories&post=549667"},{"taxonomy":"post_tag","embeddable":true,"href":"https:\/\/www.diarioimagen.net\/index.php?rest_route=%2Fwp%2Fv2%2Ftags&post=549667"}],"curies":[{"name":"wp","href":"https:\/\/api.w.org\/{rel}","templated":true}]}}