{"id":549679,"date":"2022-06-13T00:05:29","date_gmt":"2022-06-13T05:05:29","guid":{"rendered":"https:\/\/www.diarioimagen.net\/?p=549679"},"modified":"2022-06-13T01:59:46","modified_gmt":"2022-06-13T06:59:46","slug":"solo-iria-por-la-gubernatura-del-edomex-con-el-pri-lilia-herrera","status":"publish","type":"post","link":"https:\/\/www.diarioimagen.net\/?p=549679","title":{"rendered":"S\u00f3lo ir\u00eda por la gubernatura del\u00a0Edomex con el PRI: Lilia Herrera"},"content":{"rendered":"<p>&nbsp;<\/p>\n<h3 style=\"text-align: center;\">Descarta a Movimiento Ciudadano<\/h3>\n<p>&nbsp;<\/p>\n<ul>\n<li><strong><em>Asegura que triunfar\u00e1n con la alianza \u201cVa por el Estado de M\u00e9xico\u201d\u00a0<\/em><\/strong><\/li>\n<\/ul>\n<p>&nbsp;<\/p>\n<div id=\"attachment_549763\" style=\"width: 470px\" class=\"wp-caption aligncenter\"><img loading=\"lazy\" decoding=\"async\" aria-describedby=\"caption-attachment-549763\" class=\"size-full wp-image-549763\" src=\"https:\/\/www.diarioimagen.net\/wp-content\/uploads\/2022\/06\/NOTA-PRI.jpg\" alt=\"\" width=\"460\" height=\"270\" \/><p id=\"caption-attachment-549763\" class=\"wp-caption-text\">Lilia Herrera, aspirante a la candidatura en el Estado de M\u00e9xico, dijo que s\u00f3lo ir\u00eda por ese cargo con el PRI.<\/p><\/div>\n<p>&nbsp;<\/p>\n<p>La diputada Lilia Herrera es una de las aspirantes a la candidatura del PRI por la gubernatura del Estado de M\u00e9xico en la actualidad, a casi un a\u00f1o de que se renueve ese cargo en la entidad citada y algunas otras del pa\u00eds; y no obstante, a que se\u00a0 le ha relacionado con otros partidos pol\u00edticos, ella asegura que no representar\u00eda a otro que no fuera el PRI.<\/p>\n<p>Y es que, se ha manejado en diferentes medios que la ex presidenta municipal de Metepec, se podr\u00eda perfilar como candidata a la gubernatura por el partido Movimiento Ciudadano, lo cual ya fue descartado por la propia Lilia Herrera \u201cMe acreditan los hechos. La vez pasada fui una seria contendiente, pero aqu\u00ed estoy en el PRI y aqu\u00ed seguir\u00e9, donde tengo una militancia de muchos a\u00f1os\u201d asever\u00f3.<\/p>\n<p>Asimismo, se dijo honrada de que otros partidos la busquen como una posibilidad de representarlos, pero para ella no es una opci\u00f3n, ya que de contender en las pr\u00f3ximas elecciones para gobernadora mexiquense, dijo, solo ser\u00eda con el PRI y su alianza \u201cVa por el Estado de M\u00e9xico\u201d.<\/p>\n<p>\u201cLa coalici\u00f3n Va por el Estado de M\u00e9xico, debe aprender la lecci\u00f3n de las elecciones del pasado 5 de junio. Espero podamos tener una gran alianza, un gran frente com\u00fan para frenar el autoritarismo en el Estado. Es indispensable derrotar al abstencionismo y frenar las elecciones de Estado\u201d sentenci\u00f3.<\/p>\n<p>Finalmente se dijo confiada de que la coalici\u00f3n \u201cVa por el Estado de M\u00e9xico\u201d se levantar\u00e1 con el triunfo en las pr\u00f3ximas elecciones, donde ella podr\u00eda resultar como Gobernadora del estado.<\/p>\n","protected":false},"excerpt":{"rendered":"<p>La diputada Lilia Herrera es una de las aspirantes a la candidatura del PRI por la gubernatura del Estado de M\u00e9xico en la actualidad, a casi un a\u00f1o de que se renueve ese cargo en la entidad citada y algunas otras del pa\u00eds; y no obstante, a que se\u00a0 le ha relacionado con otros partidos pol\u00edticos, ella asegura que no representar\u00eda a otro que no fuera el PRI.<\/p>\n","protected":false},"author":3,"featured_media":549763,"comment_status":"open","ping_status":"open","sticky":false,"template":"","format":"standard","meta":{"_monsterinsights_skip_tracking":false,"_monsterinsights_sitenote_active":false,"_monsterinsights_sitenote_note":"","_monsterinsights_sitenote_category":0,"footnotes":""},"categories":[5],"tags":[70452,68,43675,95702,362],"class_list":["post-549679","post","type-post","status-publish","format-standard","has-post-thumbnail","hentry","category-estado-de-mexico","tag-aspirante","tag-edomex","tag-estado-de-mexico","tag-lilia-herrera","tag-pri"],"_links":{"self":[{"href":"https:\/\/www.diarioimagen.net\/index.php?rest_route=\/wp\/v2\/posts\/549679","targetHints":{"allow":["GET"]}}],"collection":[{"href":"https:\/\/www.diarioimagen.net\/index.php?rest_route=\/wp\/v2\/posts"}],"about":[{"href":"https:\/\/www.diarioimagen.net\/index.php?rest_route=\/wp\/v2\/types\/post"}],"author":[{"embeddable":true,"href":"https:\/\/www.diarioimagen.net\/index.php?rest_route=\/wp\/v2\/users\/3"}],"replies":[{"embeddable":true,"href":"https:\/\/www.diarioimagen.net\/index.php?rest_route=%2Fwp%2Fv2%2Fcomments&post=549679"}],"version-history":[{"count":0,"href":"https:\/\/www.diarioimagen.net\/index.php?rest_route=\/wp\/v2\/posts\/549679\/revisions"}],"wp:featuredmedia":[{"embeddable":true,"href":"https:\/\/www.diarioimagen.net\/index.php?rest_route=\/wp\/v2\/media\/549763"}],"wp:attachment":[{"href":"https:\/\/www.diarioimagen.net\/index.php?rest_route=%2Fwp%2Fv2%2Fmedia&parent=549679"}],"wp:term":[{"taxonomy":"category","embeddable":true,"href":"https:\/\/www.diarioimagen.net\/index.php?rest_route=%2Fwp%2Fv2%2Fcategories&post=549679"},{"taxonomy":"post_tag","embeddable":true,"href":"https:\/\/www.diarioimagen.net\/index.php?rest_route=%2Fwp%2Fv2%2Ftags&post=549679"}],"curies":[{"name":"wp","href":"https:\/\/api.w.org\/{rel}","templated":true}]}}