{"id":549684,"date":"2022-06-13T00:01:16","date_gmt":"2022-06-13T05:01:16","guid":{"rendered":"https:\/\/www.diarioimagen.net\/?p=549684"},"modified":"2022-06-14T22:23:46","modified_gmt":"2022-06-15T03:23:46","slug":"federacion-expropiara-mas-terrenos-para-el-tren-maya","status":"publish","type":"post","link":"https:\/\/www.diarioimagen.net\/?p=549684","title":{"rendered":"Federaci\u00f3n expropiar\u00e1 m\u00e1s terrenos para el Tren Maya"},"content":{"rendered":"<p>&nbsp;<\/p>\n<div id=\"attachment_549755\" style=\"width: 470px\" class=\"wp-caption aligncenter\"><img loading=\"lazy\" decoding=\"async\" aria-describedby=\"caption-attachment-549755\" class=\"size-full wp-image-549755\" src=\"https:\/\/www.diarioimagen.net\/wp-content\/uploads\/2022\/06\/Robaplana.jpg\" alt=\"\" width=\"460\" height=\"270\" \/><p id=\"caption-attachment-549755\" class=\"wp-caption-text\">El gobierno federal informa que llevar\u00e1n a cabo la expropiaci\u00f3n de m\u00e1s terrenos de propiedad privada en Quintana Roo para obras del Tren Maya.<\/p><\/div>\n<p>&nbsp;<\/p>\n<p>Por si no fueran ya muchos los detractores que rodean al Tren Maya y su lista de irregularidades bastante larga, el gobierno federal inform\u00f3 que llevar\u00e1 a cabo la expropiaci\u00f3n de m\u00e1s terrenos de propiedad privada en Quintana Roo, para dar continuidad a las obras del megaproyecto.<\/p>\n<p>Esta determinaci\u00f3n fue publicada en el Diario Oficial de la Federaci\u00f3n (DOF) con la firma de Rom\u00e1n Meyer Falc\u00f3n, titular de la Secretar\u00eda de Desarrollo Agrario Territorial y Urbano (Sedatu) y se detalla que la expropiaci\u00f3n afectar\u00e1 una superficie de un mill\u00f3n 383 mil metros cuadrados, correspondientes a 46 predios: dos en el municipio Benito Ju\u00e1rez (Canc\u00fan), cuatro en Puerto Morelos, 35 en Solidaridad (Playa del Carmen), y los \u00faltimos cuatro en Tulum, destinos de mayor desarrollo y flujo tur\u00edstico.<\/p>\n<p>Los predios est\u00e1n ubicados en los destinos tur\u00edsticos de Canc\u00fan y la Riviera Maya, para dar continuidad a la construcci\u00f3n de los tramos 5 norte y 5 Sur del Tren Maya, en el caso del segundo, que se encuentra en un pleito legal entre ambientalistas y Fonatur para poder o no llevarlo a cabo en el trazo actual.<\/p>\n<p>El documento de la nueva expropiaci\u00f3n, refiere que el Tren Maya es una obra de infraestructura de utilidad p\u00fablica, cuya finalidad es \u201catender y satisfacer las necesidades de la poblaci\u00f3n en general, tanto para los turistas como para los habitantes de las localidades ubicadas dentro de la Pen\u00ednsula de Yucat\u00e1n, relativas a comunicar de manera eficiente y agilizar el transporte de todas las personas, y en consecuencia se reactivar\u00e1 la econom\u00eda del pa\u00eds y el desarrollo en diversos sectores como el comercial y tur\u00edstico\u201d.<\/p>\n<p>Se agrega que los titulares de los bienes y derechos deber\u00e1n ser notificados y luego tendr\u00e1n un plazo de hasta 15 d\u00edas h\u00e1biles \u201cpara manifestar ante la Unidad de Asuntos Jur\u00eddicos de la Secretar\u00eda de Desarrollo Agrario Territorial y Urbano, lo que a su derecho e inter\u00e9s convenga y presenten las pruebas que estimen pertinentes\u201d. Una vez desahogado el procedimiento se proceder\u00e1 a la ocupaci\u00f3n inmediata de los predios en cuesti\u00f3n.<\/p>\n<p style=\"text-align: center;\"><strong>Ambientalistas responden<br \/>\n<\/strong><\/p>\n<p>De acuerdo con grupos ambientalistas, la nueva declaratoria de utilidad p\u00fablica ya era esperada, por lo que han interpuesto demandas de amparo. En este caso, uno de los promoventes es Jos\u00e9 Urbina Bravo, quien declar\u00f3 que el gobierno federal busca nuevas v\u00edas para evadir los medios de control constitucional de protecci\u00f3n de los derechos de las personas.<\/p>\n<p>\u201cNuestro equipo de abogados, estaba preparado para esto, sab\u00eda esto y seguimos confiados porque la ciencia y la raz\u00f3n, est\u00e1n de nuestro lado, ellos nos combaten nuestros argumentos con algo repetitivo, ellos dec\u00edan: eran acahuales: no lo eran; ten\u00eda la MIA: no lo ten\u00edan; no se iba a cortar ning\u00fan \u00e1rbol: los cortaron\u201d asegur\u00f3.<\/p>\n<p>Hay que recordar que esta nueva determinaci\u00f3n sobre la expropiaci\u00f3n de terrenos, se suma a otras emitidas en los primeros dos meses de este 2022. En enero fueron 198 predios con una superficie total de dos millones 410 mil metros cuadrados de propiedad privada; mientras que en febrero se anunciaron 231 propiedades asentadas sobre cinco millones 355 mil metros cuadrados.<\/p>\n<p>Hasta ahora, es un total de 475 terrenos privados con declaratoria de utilidad p\u00fablica que se encuentran sobre una superficie aproximada de nueve millones 148 mil metros cuadrados.<\/p>\n<p>No hay que olvidar que la obra del tramo 5 sur del Tren Maya enfrenta una suspensi\u00f3n definitiva dentro del juicio de amparo indirecto 884\/2022, por lo que mientras la justicia federal no dicte sentencia firme sobre el asunto, no se puede realizar ning\u00fan tipo de trabajo entre Tulum y Playa del Carmen.<\/p>\n","protected":false},"excerpt":{"rendered":"<p>Por si no fueran ya muchos los detractores que rodean al Tren Maya y su lista de irregularidades bastante larga, el gobierno federal inform\u00f3 que llevar\u00e1 a cabo la expropiaci\u00f3n de m\u00e1s terrenos de propiedad privada en Quintana Roo, para dar continuidad a las obras del megaproyecto.<\/p>\n","protected":false},"author":3,"featured_media":549755,"comment_status":"open","ping_status":"open","sticky":false,"template":"","format":"standard","meta":{"_monsterinsights_skip_tracking":false,"_monsterinsights_sitenote_active":false,"_monsterinsights_sitenote_note":"","_monsterinsights_sitenote_category":0,"footnotes":""},"categories":[3],"tags":[95157,94630,43673,65153,76415],"class_list":["post-549684","post","type-post","status-publish","format-standard","has-post-thumbnail","hentry","category-nacional","tag-expropiar","tag-megaproyecto","tag-nacional","tag-terrenos","tag-tren-maya"],"_links":{"self":[{"href":"https:\/\/www.diarioimagen.net\/index.php?rest_route=\/wp\/v2\/posts\/549684","targetHints":{"allow":["GET"]}}],"collection":[{"href":"https:\/\/www.diarioimagen.net\/index.php?rest_route=\/wp\/v2\/posts"}],"about":[{"href":"https:\/\/www.diarioimagen.net\/index.php?rest_route=\/wp\/v2\/types\/post"}],"author":[{"embeddable":true,"href":"https:\/\/www.diarioimagen.net\/index.php?rest_route=\/wp\/v2\/users\/3"}],"replies":[{"embeddable":true,"href":"https:\/\/www.diarioimagen.net\/index.php?rest_route=%2Fwp%2Fv2%2Fcomments&post=549684"}],"version-history":[{"count":0,"href":"https:\/\/www.diarioimagen.net\/index.php?rest_route=\/wp\/v2\/posts\/549684\/revisions"}],"wp:featuredmedia":[{"embeddable":true,"href":"https:\/\/www.diarioimagen.net\/index.php?rest_route=\/wp\/v2\/media\/549755"}],"wp:attachment":[{"href":"https:\/\/www.diarioimagen.net\/index.php?rest_route=%2Fwp%2Fv2%2Fmedia&parent=549684"}],"wp:term":[{"taxonomy":"category","embeddable":true,"href":"https:\/\/www.diarioimagen.net\/index.php?rest_route=%2Fwp%2Fv2%2Fcategories&post=549684"},{"taxonomy":"post_tag","embeddable":true,"href":"https:\/\/www.diarioimagen.net\/index.php?rest_route=%2Fwp%2Fv2%2Ftags&post=549684"}],"curies":[{"name":"wp","href":"https:\/\/api.w.org\/{rel}","templated":true}]}}