{"id":549699,"date":"2022-06-13T00:01:38","date_gmt":"2022-06-13T05:01:38","guid":{"rendered":"https:\/\/www.diarioimagen.net\/?p=549699"},"modified":"2022-06-13T02:14:56","modified_gmt":"2022-06-13T07:14:56","slug":"javier-aguila-nuevo-presidente-de-hyatt-hotels-corporation-para-europa-africa-y-oriente-medio","status":"publish","type":"post","link":"https:\/\/www.diarioimagen.net\/?p=549699","title":{"rendered":"Javier \u00c1guila nuevo presidente de <em>Hyatt Hotels Corporation<\/em> para Europa, \u00c1frica y Oriente Medio"},"content":{"rendered":"<h2>De cinco estrellas<\/h2>\n<h5>Victoria Gonz\u00e1lez Prado<\/h5>\n<p>&nbsp;<\/p>\n<ul>\n<li><strong><em>Con inversi\u00f3n de 340 millones de pesos abri\u00f3 <\/em>HS Hotsson Long Stay Suites<em>CDMX <\/em><\/strong><\/li>\n<li><strong><em>La Secretar\u00eda de Turismo de Michoac\u00e1n trabaj\u00f3 para mejorar la conectividad a\u00e9rea<\/em><\/strong><\/li>\n<li><strong><em>El <\/em>World Tourism Trade Summit<em> se llevar\u00e1 a cabo en Cozumel del 24 al 26 de agosto<\/em><\/strong><\/li>\n<\/ul>\n<p>&nbsp;<\/p>\n<div id=\"attachment_549784\" style=\"width: 275px\" class=\"wp-caption alignright\"><img loading=\"lazy\" decoding=\"async\" aria-describedby=\"caption-attachment-549784\" class=\"wp-image-549784\" src=\"https:\/\/www.diarioimagen.net\/wp-content\/uploads\/2022\/06\/turismo-5.jpg\" alt=\"\" width=\"265\" height=\"293\" \/><p id=\"caption-attachment-549784\" class=\"wp-caption-text\">Javier \u00c1guila.<\/p><\/div>\n<p><strong>Javier \u00c1guila<\/strong>\u00a0es el nuevo presidente de\u00a0<em>Hyatt Hotels Corporation<\/em>\u00a0para la regi\u00f3n de Europa, \u00c1frica y Oriente Medio (EMEA) y ser\u00e1 el sucesor de\u00a0<strong>Peter Fulton<\/strong>, que se jubila despu\u00e9s de carrera de 39 a\u00f1os en la compa\u00f1\u00eda.<\/p>\n<p>Hasta ahora, el directivo ocupaba el cargo de presidente para Europa y de Estrategia Global de\u00a0<em>Apple Leisure Group<\/em> (ALG)\u00a0y\u00a0<em>AMResorts<\/em>, grupo que <em>Hyatt<\/em> adquiri\u00f3 en 2021. El directivo se uni\u00f3 a ALG en 2019, como parte de la operaci\u00f3n de adquisici\u00f3n de\u00a0<em>Alua Hotels &amp; Resorts<\/em>, cadena hotelera que <strong>\u00c1guila<\/strong>\u00a0fund\u00f3 y lider\u00f3 como CEO.<\/p>\n<p>En comunicado, la hotelera estadounidense se\u00f1ala que <strong>Javier \u00c1guila<\/strong> y <strong>Peter Fulton<\/strong> trabajar\u00e1n juntos a trav\u00e9s de\u00a0transici\u00f3n fluida\u00a0hasta que el directivo asuma oficialmente el cargo en los pr\u00f3ximos meses.<\/p>\n<p>El nombramiento\u00a0forma parte del plan de la hotelera estadounidense para\u00a0continuar con su crecimiento estrat\u00e9gico\u00a0en Europa, \u00c1frica y Oriente Medio.<\/p>\n<p>Previamente, la compa\u00f1\u00eda ya hab\u00eda realizado reajuste planificado\u00a0en la regi\u00f3n, reasignando la supervisi\u00f3n del subcontinente de India bajo el liderazgo de <strong>David Udell<\/strong>, presidente del grupo para Asia y el Pac\u00edfico.<\/p>\n<p>\u2730\u2730\u2730\u2730\u2730 Con inversi\u00f3n de 340 millones de pesos abri\u00f3 el primer hotel de la cadena CAPITALI <em>HS Hotsson <\/em>en la Ciudad de M\u00e9xico y el n\u00famero 14 de la compa\u00f1\u00eda 100 por ciento mexicana. <em>HS Hotsson Long Stay Suites CDMX<\/em><strong>, <\/strong>es la nueva opci\u00f3n, ubicada en Avenida Revoluci\u00f3n 67 Colonia Tacubaya, que brinda empleo directo a 190 colaboradores y 175 empleos indirectos entre proveedur\u00eda y eventuales.<\/p>\n<p>Con esta adici\u00f3n al portafolio, la cadena hotelera amplia su oferta de 2 mil 346 llaves y representa crecimiento sostenido de 1.4 hoteles por a\u00f1o durante los 10 a\u00f1os de ejercicio efectivo de la operadora CAPITALI Grupo Hotelero.<\/p>\n<p>El inmueble cuenta con 103 suites y dos restaurantes, comandados por el chef <strong>Ra\u00fal Altamirano<\/strong>, est\u00e1 listo para atender principalmente a los viajeros de negocios.Tiene gran terraza panor\u00e1mica \u2018Los Vitrales Select\u00b4, salas de reuniones y diferentes suites.<\/p>\n<p>El corte de list\u00f3n que abri\u00f3 oficialmente el hotel fue presidido por <strong>Montserrat Galv\u00e1n<\/strong>, titular de Turismo de la Delegaci\u00f3n Miguel Hidalgo; <strong>Jos\u00e9 Abugaber Andonie<\/strong>, presidente de Concamin; <strong>Alberto Albarr\u00e1n Leyva, <\/strong>director de la Asociaci\u00f3n Mexicana de Hoteles y Moteles de la Ciudad de M\u00e9xico, en representaci\u00f3n de <strong>Rafael Garc\u00eda Gonz\u00e1lez<\/strong>, del presidente de asociaci\u00f3n; <strong>Fernando Olivera Rocha<\/strong>, secretario de Turismo de Tamaulipas; <strong>Antonio Vera<\/strong>, director en M\u00e9xico de <em>Preferred Hotels &amp; Resort. <\/em><\/p>\n<p>Tambi\u00e9n, <strong>Alejandro Mateos Berlanga<\/strong>, <strong>Leopoldo Soto Montes y<\/strong> <strong>Luis Miranda Figueroa<\/strong> CEO de CAPITALI, Grupo Hotelero y director de Operaciones, director de Administraci\u00f3n y Finanzas del Grupo Hotelero, respectivamente y, <strong>Bernardo Corral<\/strong>, gerente general del nuevo inmueble.\u00a0 <em>\u00a0<\/em><\/p>\n<p>\u2730\u2730\u2730\u2730\u2730 La presencia de Michoac\u00e1n en el Tianguis Tur\u00edstico de Acapulco 2022, el estado pudo concretar reuniones de negocios, acercarse con touroperadoras de distintas partes del mundo y retomar acuerdos en beneficio del sector del hospedaje y prestadores de servicios, indic\u00f3 el titular de la Secretar\u00eda de Turismo, <strong>Roberto Monroy Garc\u00eda<\/strong>.<\/p>\n<p>En Acapulco, concretaron 870 citas de negocios, lo que signific\u00f3 10 por ciento m\u00e1s que en la edici\u00f3n 2021 del tianguis en M\u00e9rida, Yucat\u00e0n.<\/p>\n<p>Asimismo, el titular de turismo detall\u00f3 que se alcanzaron acuerdos favorables para mejorar la conectividad de Michoac\u00e1n con otros destinos con la ayuda de empresas como Volaris, Aerom\u00e9xico, ETN y Viva Aerobus con las cuales se logr\u00f3 la apertura de nuevas rutas a\u00e9reas y terrestres con distintos puntos del pa\u00eds y Estados Unidos.<\/p>\n<p>De igual forma, resalt\u00f3 la firma del convenio con Telmex, para dotar de internet gratuito en destinos como Pueblos M\u00e1gicos y zonas tur\u00edsticas. Tambi\u00e9n, mencion\u00f3 la creaci\u00f3n de la Ruta Tur\u00edstica del Centro al Pac\u00edfico, y la reactivaci\u00f3n del esquema \u201c\u00c1ngeles Verdes\u201d para el auxilio y asistencia en carretera.<\/p>\n<p>\u2730\u2730\u2730\u2730\u2730 El Congreso Nacional de Turismo WTTS <em>\u201cWorld Tourism Trade Summit\u201d<\/em>, se llevar\u00e1 a cabo en la isla de Cozumel con la finalidad de que el sector empresarial conozca la importancia de la transformaci\u00f3n digital, acelerar la recuperaci\u00f3n del sector tur\u00edstico y analizar el uso de las tecnolog\u00edas en el turismo.<\/p>\n<p>Del 24 al 26 de agosto, el Congreso tendr\u00e1 como sede el Centro de Convenciones de la isla de Cozumel y contar\u00e1 con la presencia de especialistas que han desarrollado metodolog\u00edas y tecnolog\u00eda que puedan abonar a la aceleraci\u00f3n y recuperaci\u00f3n econ\u00f3mica del turismo en el Caribe Mexicano y el mundo.<\/p>\n<p>De de los temas del evento destacan: marketing tur\u00edstico, estrategias digitales, realidad aumentada, inteligencia artificial y panel dirigido por secretarios de turismo donde se abordar\u00e1 el tema de tecnolog\u00edas digitales, tambi\u00e9n contar\u00e1 con \u00e1rea comercial, <em>networking<\/em> y <em>post-tours<\/em> en Cozumel.<\/p>\n<p>Bernardo Cueto Riestra, secretario de Turismo de la entidad, al hacer uso de la palabra dijo: \u201csin duda el Caribe Mexicano y destinos como Cozumel contin\u00faan posicion\u00e1ndose como destinos de vanguardia que buscan una nueva forma de hacer turismo, la isla albergar\u00e1 este evento que contar\u00e1 con m\u00e1s de 500 l\u00edderes presenciales en tecnolog\u00edas y turismo, con programas que van en busca de soluciones e implementaciones tecnol\u00f3gicas para mejorar las experiencias de los viajeros\u201d.<\/p>\n<p>La presentaci\u00f3n fue presidida por el gobernador de la entidad, <strong>Carlos Joaqu\u00edn Gonz\u00e1lez<\/strong>, acompa\u00f1ado por <strong>Antonio Garc\u00eda Conejo<\/strong>, senador y presidente de la Comisi\u00f3n de Turismo del Senado de la Rep\u00fablica; <strong>Jessica Pe\u00f1a<\/strong>, consejera nacional Industria de Reuniones; <strong>Joan Passolas Farrerons<\/strong>, consejero nacional de Asuntos Internacionales de la Federaci\u00f3n de Empresarios Tur\u00edsticos (FETUR); <strong>Marcelina Hern\u00e1ndez Anaya<\/strong>, directora de la Escuela Superior de Turismo del Instituto Polit\u00e9cnico Nacional; <strong>Jorge Pe\u00f1a Valenzuela<\/strong>, filial CDMX-FETUR Nacional; <strong>Adri\u00e1n Pazolas<\/strong>, consejero nacional de Asuntos Internacionales FETUR, autoridades de gobierno y actores del sector.<\/p>\n<p>&nbsp;<\/p>\n<blockquote>\n<p style=\"text-align: right;\">\u201c<strong>El<\/strong> <strong>\u00e1ngel de la fama tiene sus alas hechas de papel&#8230; peri\u00f3dico\u201d.<br \/>\n<\/strong><\/p>\n<\/blockquote>\n<p>&nbsp;<\/p>\n<p><em><span class=\"Apple-converted-space\"><a href=\"mailto:victoriagprado@gmail.com\" target=\"_blank\" rel=\"noopener noreferrer\">victoriagprado@gmail.com<\/a><br \/>\nTwitter: <a href=\"https:\/\/twitter.com\/victoriagprado\" target=\"_blank\" rel=\"noopener noreferrer\">@victoriagprado<\/a><\/span><\/em><\/p>\n","protected":false},"excerpt":{"rendered":"<p><strong>Javier \u00c1guila<\/strong> es el nuevo presidente de <em>Hyatt Hotels Corporation<\/em> para la regi\u00f3n de Europa, \u00c1frica y Oriente Medio (EMEA) y ser\u00e1 el sucesor de <strong>Peter Fulton<\/strong>, que se jubila despu\u00e9s de carrera de 39 a\u00f1os en la compa\u00f1\u00eda.<\/p>\n","protected":false},"author":3,"featured_media":549785,"comment_status":"open","ping_status":"open","sticky":false,"template":"","format":"standard","meta":{"_monsterinsights_skip_tracking":false,"_monsterinsights_sitenote_active":false,"_monsterinsights_sitenote_note":"","_monsterinsights_sitenote_category":0,"footnotes":""},"categories":[11],"tags":[107,43674,106],"class_list":["post-549699","post","type-post","status-publish","format-standard","has-post-thumbnail","hentry","category-turismo","tag-de-cinco-estrellas","tag-opinion","tag-victoria-gonzalez-prado"],"_links":{"self":[{"href":"https:\/\/www.diarioimagen.net\/index.php?rest_route=\/wp\/v2\/posts\/549699","targetHints":{"allow":["GET"]}}],"collection":[{"href":"https:\/\/www.diarioimagen.net\/index.php?rest_route=\/wp\/v2\/posts"}],"about":[{"href":"https:\/\/www.diarioimagen.net\/index.php?rest_route=\/wp\/v2\/types\/post"}],"author":[{"embeddable":true,"href":"https:\/\/www.diarioimagen.net\/index.php?rest_route=\/wp\/v2\/users\/3"}],"replies":[{"embeddable":true,"href":"https:\/\/www.diarioimagen.net\/index.php?rest_route=%2Fwp%2Fv2%2Fcomments&post=549699"}],"version-history":[{"count":0,"href":"https:\/\/www.diarioimagen.net\/index.php?rest_route=\/wp\/v2\/posts\/549699\/revisions"}],"wp:featuredmedia":[{"embeddable":true,"href":"https:\/\/www.diarioimagen.net\/index.php?rest_route=\/wp\/v2\/media\/549785"}],"wp:attachment":[{"href":"https:\/\/www.diarioimagen.net\/index.php?rest_route=%2Fwp%2Fv2%2Fmedia&parent=549699"}],"wp:term":[{"taxonomy":"category","embeddable":true,"href":"https:\/\/www.diarioimagen.net\/index.php?rest_route=%2Fwp%2Fv2%2Fcategories&post=549699"},{"taxonomy":"post_tag","embeddable":true,"href":"https:\/\/www.diarioimagen.net\/index.php?rest_route=%2Fwp%2Fv2%2Ftags&post=549699"}],"curies":[{"name":"wp","href":"https:\/\/api.w.org\/{rel}","templated":true}]}}