{"id":549712,"date":"2022-06-13T00:08:09","date_gmt":"2022-06-13T05:08:09","guid":{"rendered":"https:\/\/www.diarioimagen.net\/?p=549712"},"modified":"2022-06-13T00:34:49","modified_gmt":"2022-06-13T05:34:49","slug":"alejandro-moreno-alito-a-rendir-cuentas","status":"publish","type":"post","link":"https:\/\/www.diarioimagen.net\/?p=549712","title":{"rendered":"Alejandro Moreno, \u201cAlito\u201d,\u00a0 a rendir cuentas"},"content":{"rendered":"<h2>Punto por punto<\/h2>\n<h5>Augusto Corro<\/h5>\n<p>&nbsp;<\/p>\n<p>Ma\u00f1ana martes se reunir\u00e1n ex dirigentes priistas con el actual l\u00edder del Partido Revolucionario Institucional (PRI), Alejandro Moreno (a) \u201cAlito\u201d.<\/p>\n<p>La raz\u00f3n del encuentro todo mundo lo sabe: El p\u00e9simo papel del instituto pol\u00edtico tricolor en las elecciones estatales en las que poco a poco se qued\u00f3 sin gobernadores.<\/p>\n<p>En los m\u00e1s recientes comicios perdi\u00f3 dos bastiones importantes: Hidalgo y Oaxaca. La primera entidad siempre estuvo gobernada por priistas.<\/p>\n<p>En t\u00e9rminos generales, el PRI empez\u00f3 a declinar hace varios sexenios. Fue con el presidente Vicente Fox, de extracci\u00f3n panista, cuando entreg\u00f3 el poder a la oposici\u00f3n.<\/p>\n<p>Sigui\u00f3 en las mismas circunstancias el mandatario Felipe Calder\u00f3n Hinojosa, Sin embargo, el Revolucionario Institucional regres\u00f3 a Los Pinos con Enrique Pe\u00f1a Nieto.<\/p>\n<p>Ya para el 2018, el partido tricolor en las elecciones presidenciales no fue ni la sombra de aquella m\u00e1quina que ganaba todas.<\/p>\n<p>La crisis en el tricolor se vio desde la selecci\u00f3n de su candidato presidencial, que nada estimulaba a votar por \u00e9l. Nos referimos a Jos\u00e9 Antonio Meade.\u00a0 El aspirante a la silla presidencial solo representaba a su jefe Pe\u00f1a Nieto. Dio la impresi\u00f3n de ser un priista improvisado, oportunista, en busca del poder.<\/p>\n<p>La oposici\u00f3n pol\u00edtica con el Partido Acci\u00f3n Nacional fue borrada del escenario por el Movimiento de Regeneraci\u00f3n Nacional (Morena).<\/p>\n<p>El tabasque\u00f1o morenista Andr\u00e9s Manuel L\u00f3pez Obrador obtuvo el triunfo, luego de una campa\u00f1a pol\u00edtica por todo el pa\u00eds.\u00a0 Cabe se\u00f1alar que Jaime Rodr\u00edguez Calder\u00f3n (a) \u201cEl Bronco\u201d particip\u00f3 como candidato independiente en la contienda electoral. Le fue muy mal.<\/p>\n<p><strong>El PRI en el Edomex<\/strong><\/p>\n<p>Una vez que Morena se instal\u00f3 en el poder, en 2018, los partidos opositores se paralizaron. Y parece que seguir\u00e1n en esa condici\u00f3n nadie sabe por cuanto tiempo.<\/p>\n<p>Lo poco que han podido rescatar es a trav\u00e9s de una alianza denominada \u201cVa por M\u00e9xico\u201d, en la que participan PAN, PRI y PRD, con m\u00e1s pena que gloria.<\/p>\n<p>En esa coalici\u00f3n, que dirige el empresario Carlos X. Gonz\u00e1lez, se espera el resurgimiento de la oposici\u00f3n que ahora se encuentra en la lona, como se dice coloquialmente.<\/p>\n<p>Pero antes de que se cumplan sus deseos, los partidos adversarios de Morena tendr\u00e1n que revisar las condiciones en que se encuentran para participar en las contiendas pol\u00edticas que se avecinan.<\/p>\n<p>Ah\u00ed tenemos las elecciones en 2023 y 2024. El a\u00f1o que entre se votar\u00e1 por nuevos gobernadores en el Estado de M\u00e9xico (Edomex) y en Coahuila, entidades priistas.<\/p>\n<p>Al Revolucionario Institucional le urge mantener el poder en dichos estados; pero m\u00e1s le interesa ganar en el Edomex, \u201cla joya de la corona\u201d, por su mayor n\u00famero de electores.<\/p>\n<p>Adem\u00e1s, se trata de una entidad en la que el PRI siempre gobern\u00f3. Una derrota m\u00e1s al tricolor lo llevar\u00eda a su desaparici\u00f3n total.<\/p>\n<p><strong>Preocupaci\u00f3n de ex dirigentes<\/strong><\/p>\n<p>Y es precisamente las elecciones en el Edomex y la situaci\u00f3n que priva en el partido, lo que preocupa a ex dirigentes del Revolucionario Institucional.<\/p>\n<p>Estos ex l\u00edderes son: Claudia Ruiz Massieu Salinas, Carolina Monroy del Mazo, Manlio Fabio Beltrones Rivera, C\u00e9sar Camacho Quiroz, Pedro Joaqu\u00edn Coldwell, Beatriz Paredes Rangel, Humberto Roque Villanueva y el senador Miguel Angel Osorio Chong.<\/p>\n<p>Los mencionados priistas se reunir\u00e1n ma\u00f1ana martes con \u201cAlito\u201d para que rinda cuentas. En d\u00edas recientes, el exgobernador campechano fue acusado de varios delitos. Est\u00e1 en el ojo de los esc\u00e1ndalos.\u00a0 El mismo dirigente dio a conocer su conducta al margen de la ley en \u201caudios\u201d que difundieron sus adversarios pol\u00edticos. En una grabaci\u00f3n orientaba a no matar a los periodistas a balazos, \u201chay que matarlos de hambre\u201d.<\/p>\n<p>\u201cAlito\u201d se quit\u00f3 la m\u00e1scara y se conoci\u00f3 el sinn\u00famero de errores cometidos ya en la dirigencia del PRI, entre otros la p\u00e9rdida de las gubernaturas, as\u00ed como su err\u00e1tica administraci\u00f3n en el gobierno de Campeche, en la que se enriqueci\u00f3 ilegalmente, seg\u00fan denunciaron sus adversarios.<\/p>\n<p>Los ex dirigentes priistas escuchar\u00e1n a \u201cAlito\u201d y no faltar\u00e1 quien le pida su renuncia, pues los tiempos no son los propicios para que el PRI sea dirigido por un pol\u00edtico fr\u00edvolo e irresponsable, cuya conducta se encuentra marcada por presuntos hechos delictivos, como el enriquecimiento il\u00edcito.<\/p>\n<p>\u00bfUsted qu\u00e9 opina amable lector?<\/p>\n<p><a href=\"mailto:aco2742@hotmail.com\" target=\"_blank\" rel=\"noopener noreferrer\"><em>aco2742@hotmail.com<\/em><\/a><\/p>\n","protected":false},"excerpt":{"rendered":"<p><span style=\"color: #005497;\"><strong>Augusto Corro<\/strong><\/span><\/p>\n","protected":false},"author":3,"featured_media":0,"comment_status":"open","ping_status":"open","sticky":false,"template":"","format":"standard","meta":{"_monsterinsights_skip_tracking":false,"_monsterinsights_sitenote_active":false,"_monsterinsights_sitenote_note":"","_monsterinsights_sitenote_category":0,"footnotes":""},"categories":[157],"tags":[43686,43674,11515],"class_list":["post-549712","post","type-post","status-publish","format-standard","hentry","category-augusto-corro","tag-augusto-corro","tag-opinion","tag-punto-por-punto"],"_links":{"self":[{"href":"https:\/\/www.diarioimagen.net\/index.php?rest_route=\/wp\/v2\/posts\/549712","targetHints":{"allow":["GET"]}}],"collection":[{"href":"https:\/\/www.diarioimagen.net\/index.php?rest_route=\/wp\/v2\/posts"}],"about":[{"href":"https:\/\/www.diarioimagen.net\/index.php?rest_route=\/wp\/v2\/types\/post"}],"author":[{"embeddable":true,"href":"https:\/\/www.diarioimagen.net\/index.php?rest_route=\/wp\/v2\/users\/3"}],"replies":[{"embeddable":true,"href":"https:\/\/www.diarioimagen.net\/index.php?rest_route=%2Fwp%2Fv2%2Fcomments&post=549712"}],"version-history":[{"count":0,"href":"https:\/\/www.diarioimagen.net\/index.php?rest_route=\/wp\/v2\/posts\/549712\/revisions"}],"wp:attachment":[{"href":"https:\/\/www.diarioimagen.net\/index.php?rest_route=%2Fwp%2Fv2%2Fmedia&parent=549712"}],"wp:term":[{"taxonomy":"category","embeddable":true,"href":"https:\/\/www.diarioimagen.net\/index.php?rest_route=%2Fwp%2Fv2%2Fcategories&post=549712"},{"taxonomy":"post_tag","embeddable":true,"href":"https:\/\/www.diarioimagen.net\/index.php?rest_route=%2Fwp%2Fv2%2Ftags&post=549712"}],"curies":[{"name":"wp","href":"https:\/\/api.w.org\/{rel}","templated":true}]}}