{"id":549715,"date":"2022-06-13T00:03:45","date_gmt":"2022-06-13T05:03:45","guid":{"rendered":"https:\/\/www.diarioimagen.net\/?p=549715"},"modified":"2022-06-13T00:36:30","modified_gmt":"2022-06-13T05:36:30","slug":"conclave-morenista-en-toluca","status":"publish","type":"post","link":"https:\/\/www.diarioimagen.net\/?p=549715","title":{"rendered":"C\u00f3nclave morenista en Toluca"},"content":{"rendered":"<h2>Espacio Electoral<\/h2>\n<h5>Eleazar Flores<\/h5>\n<p>&nbsp;<\/p>\n<p><strong>LENGUAJE PARTIDISTA-.<\/strong> Sin importar el cuidado a la figura presidencial que exige a los dem\u00e1s y con el ya conocido, cl\u00e1sico y \u201cculto\u201d lenguaje presidencial, el pastor del reba\u00f1o guinda dijo tan pronto conoci\u00f3 los triunfos de su partido el domingo 5, \u201cag\u00e1rrense que vamos por mucho m\u00e1s\u201d.<\/p>\n<p>Contra lo que\u00a0 piense la frase no fue del gerente de Morena, Mario Delgado, sino el ciudadano Presidente de la Rep\u00fablica, Andr\u00e9s Manuel L\u00f3pez Obrador y su cl\u00e1sico \u201cag\u00e1rrense\u201d, si, de garras, de acuerdo al significado elemental del diccionario.<\/p>\n<p>Pero ese pronunciamiento para a \u00faltimo t\u00e9rmino, pues la noticia de \u201cag\u00e1rrense, vamos por mucho m\u00e1s\u201d, la demostraron ayer todos los integrantes VIP del morenismo congregado en Toluca, casi casi como primera llamada o punto de arranque de las elecciones mexiquenses para gobernador el 4 de junio de 2023, el cargo m\u00e1s anhelado de la divisa guinda despu\u00e9s de la presidencia de la rep\u00fablica.<\/p>\n<p>Convocados formalmente por el dirigente Mario Delgado, obediente subordinado de ya sabe quien, el colimense congreg\u00f3 en la capital del <em>chorizo power<\/em> a gobernadores de la divisa, senadores y diputados federales, presidentes municipales e integrantes del gabinete legal y ampliado, con\u00a0 el prop\u00f3sito de mostrar m\u00fasculo y dar calambres a la clase pol\u00edtica gobernante por unos noventa a\u00f1os, de extracci\u00f3n mayoritariamente tricolor.<\/p>\n<p>Unidad y movilizaci\u00f3n para que siga la transformaci\u00f3n, fue la frase recurrente del gerente de Morena, Mario Delgado, quien en honor a la verdad est\u00e1 haciendo y bien, un trabajo partidista, evidenciando con hechos el empleo de su legal partida presupuestal que le asigna el INE, y que supera a nivel nacional los mil 800 millones de pesos. Quedarse quieto ser\u00eda m\u00e1s criticable.<\/p>\n<p>Aqu\u00ed el mensaje es claro, hacer en la capital mexiquense, entidad a la que le traen ganas desde hace seis a\u00f1o m\u00e1s evidentemente, un festejo que pudo haber sido en chilangolandia.<\/p>\n<p><strong>PRI DIVIDIDO-.<\/strong> Casi todos los ex presidentes nacionales del otrora partidazo han emplazado a su actual dirigente Alejandro Moreno, para que ma\u00f1ana martes responda de los p\u00e9simos resultados electorales obtenidos apenas este pasado domingo 5 de junio. De los apapachados -por el presidente-, gobernadores priistas perdedores de Hidalgo y Oaxaca ya es cosa juzgada, ahora Alito tendr\u00e1 que explicar a sus cuestionadores de los magros resultados.<\/p>\n<p>De entre esos emplazadores de <em>Alito<\/em> destacan priistas de peso pasado como Beltrones, Roque, Sauri y otros del inmediato anterior como C\u00e9sar Camacho, Claudia Ruiz Massieu, Paredes, Chong y Carolina Monroy, ex funcionaria del gobernador perdedores de Oaxaca Jos\u00e9 Murat.<\/p>\n<p>Correspondiendo al peso medi\u00e1tico \u201cganado\u201d a pulso, la prensa dar\u00e1 al PRI su impacto merecido, a\u00fan confirm\u00e1ndose el posible vuelo de <em>Alito<\/em>, tan deseado por muchos.<\/p>\n<p><em><a href=\"mailto:elefa44@gmail.com\" target=\"_blank\" rel=\"noopener noreferrer\">elefa44@gmail.com<\/a><\/em><\/p>\n","protected":false},"excerpt":{"rendered":"<p><span style=\"color: #005497;\"><strong>Eleazar Flores<\/strong><\/span><\/p>\n","protected":false},"author":3,"featured_media":0,"comment_status":"open","ping_status":"open","sticky":false,"template":"","format":"standard","meta":{"_monsterinsights_skip_tracking":false,"_monsterinsights_sitenote_active":false,"_monsterinsights_sitenote_note":"","_monsterinsights_sitenote_category":0,"footnotes":""},"categories":[81743],"tags":[81744,81776,43674],"class_list":["post-549715","post","type-post","status-publish","format-standard","hentry","category-eleazar-flores","tag-eleazar-flores","tag-espacio-electoral","tag-opinion"],"_links":{"self":[{"href":"https:\/\/www.diarioimagen.net\/index.php?rest_route=\/wp\/v2\/posts\/549715","targetHints":{"allow":["GET"]}}],"collection":[{"href":"https:\/\/www.diarioimagen.net\/index.php?rest_route=\/wp\/v2\/posts"}],"about":[{"href":"https:\/\/www.diarioimagen.net\/index.php?rest_route=\/wp\/v2\/types\/post"}],"author":[{"embeddable":true,"href":"https:\/\/www.diarioimagen.net\/index.php?rest_route=\/wp\/v2\/users\/3"}],"replies":[{"embeddable":true,"href":"https:\/\/www.diarioimagen.net\/index.php?rest_route=%2Fwp%2Fv2%2Fcomments&post=549715"}],"version-history":[{"count":0,"href":"https:\/\/www.diarioimagen.net\/index.php?rest_route=\/wp\/v2\/posts\/549715\/revisions"}],"wp:attachment":[{"href":"https:\/\/www.diarioimagen.net\/index.php?rest_route=%2Fwp%2Fv2%2Fmedia&parent=549715"}],"wp:term":[{"taxonomy":"category","embeddable":true,"href":"https:\/\/www.diarioimagen.net\/index.php?rest_route=%2Fwp%2Fv2%2Fcategories&post=549715"},{"taxonomy":"post_tag","embeddable":true,"href":"https:\/\/www.diarioimagen.net\/index.php?rest_route=%2Fwp%2Fv2%2Ftags&post=549715"}],"curies":[{"name":"wp","href":"https:\/\/api.w.org\/{rel}","templated":true}]}}