{"id":549726,"date":"2022-06-13T00:07:30","date_gmt":"2022-06-13T05:07:30","guid":{"rendered":"https:\/\/www.diarioimagen.net\/?p=549726"},"modified":"2022-06-13T00:49:33","modified_gmt":"2022-06-13T05:49:33","slug":"amlo-ofrecio-desaparecer-a-las-fuerzas-armadas-ahora-les-encarga-mas-tareas","status":"publish","type":"post","link":"https:\/\/www.diarioimagen.net\/?p=549726","title":{"rendered":"AMLO ofreci\u00f3 desaparecer a las fuerzas armadas; ahora les encarga m\u00e1s tareas"},"content":{"rendered":"<h2>Clase Pol\u00edtica<\/h2>\n<h5>Miguel \u00c1ngel Rivera<\/h5>\n<p>&nbsp;<\/p>\n<p>Dicen que es de sabios cambiar de opini\u00f3n y de aceptarse esta sentencia, el Presidente de M\u00e9xico, Andr\u00e9s Manuel L\u00f3pez Obrador debe quedar dentro los que saben rectificar.<\/p>\n<p>Lo que no se puede asegurar es si el cambio de opini\u00f3n fue atinado y si ocurri\u00f3 a tiempo o demasiado tarde.<\/p>\n<p>Nos referimos a la opini\u00f3n que tiene el presidente L\u00f3pez Obrador respecto de las fuerzas armadas y la funci\u00f3n que deben desempe\u00f1ar en la evoluci\u00f3n de nuestro pa\u00eds y en particular como parte de la consolidaci\u00f3n de la llamada Cuarta Transformaci\u00f3n que tanto han pregonado el primer mandatario y sus incondicionales.<\/p>\n<p>Este tema merece un r\u00e1pido repaso acerca de c\u00f3mo ha cambiado la opini\u00f3n de Andr\u00e9s Manuel L\u00f3pez Obrador como candidato presidencial y del ahora presidente de la Rep\u00fablica y pr\u00e1cticamente \u00fanico con capacidad de decidir acerca del futuro de nuestra naci\u00f3n.<\/p>\n<p>Vamos a los hechos y a los dichos.<\/p>\n<p>Ayer, durante una m\u00e1s de las giras que realiza para supervisar el avance de las obras de uno de los proyectos estelares de su administraci\u00f3n, el Tren Maya, el jefe del Ejecutivo federal manifest\u00f3\u00a0que los proyectos prioritarios de su gobierno, como el corredor interoce\u00e1nico, el Tren Maya y los nuevos aeropuertos ser\u00e1n administrados por las fuerzas armadas para \u201cdefenderlos de los zopilotes\u201d y evitar que en un futuro se privaticen.<\/p>\n<p>En el poblado de Tinum, Yucat\u00e1n, L\u00f3pez Obrador supervis\u00f3 los avances de Tramo 4 Izamal-Canc\u00fan Tren Maya y all\u00ed aprovech\u00f3\u00a0 \u201ctoc\u00f3 madera\u201d (en realidad, pl\u00e1stico, dicen los testigos)\u00a0 para precisar que su objetivo es que las inversiones p\u00fablicas no sean tomadas por empresas particulares como ocurr\u00eda en el pasado.<\/p>\n<p>\u200b\u201dNo queremos privatizaciones y qui\u00e9n puede cuidar todo este patrimonio de los mexicanos, a quien se le puede confiar para que defienda estos puertos, defienda el ferrocarril, en este caso a los marinos de M\u00e9xico les vamos a dejar esta empresa\u201d, dijo L\u00f3pez Obrador.<\/p>\n<p>Agreg\u00f3 que, as\u00ed como el Tren Maya, los aeropuertos de Tulum, Palenque, Chetumal y el Felipe \u00c1ngeles, \u201cno vamos a estar nosotros trabajando, invirtiendo para que luego vengan los zopilotes a quedarse lo que es del pueblo de M\u00e9xico. Eso ya se acab\u00f3, ya no queremos pol\u00edtica neoliberal o neoporfirista, lo de M\u00e9xico es de los mexicanos\u201d, dijo.<\/p>\n<p>L\u00f3pez Obrador asegur\u00f3 tambi\u00e9n que est\u00e1n garantizados los recursos para terminar la modernizaci\u00f3n de los puertos de Salina Cruz y Coatzacoalcos, as\u00ed como para terminar las v\u00edas del ferrocarril que los conectan.<\/p>\n<p>El mandatario volvi\u00f3 a ofrecer que esa obra se va a inaugurar este a\u00f1o con trenes de carga como para y de pasajeros, adem\u00e1s de que se va a comenzar a reparar, aunque sea por etapas, la v\u00eda de Ixtepec a Ciudad Hidalgo en la frontera con Guatemala.<\/p>\n<p>\u201cTambi\u00e9n ya tenemos los recursos p\u00fablicos para modernizar todo lo que es el ferrocarril de Coatzacoalcos a Palenque y ah\u00ed ya en Palenque va a entroncar este ferrocarril, se va a comunicar con el Tren Maya, o sea, en el caso de carga y de pasajeros, en el caso de carga desde la Ciudad de M\u00e9xico, desde el norte hasta Canc\u00fan y pasajeros Salina Cruz, Coatzacoalcos, Palenque, Canc\u00fan por el Tren Maya, eso lo vamos a inaugurar a finales del a\u00f1o pr\u00f3ximo va a estar terminado el Tren Maya, asegur\u00f3.<\/p>\n<p>Adem\u00e1s confirm\u00f3 que s\u00f3lo para Salina Cruz se prev\u00e9 una inversi\u00f3n de 120 mil millones de pesos, que se invertir\u00e1n en la construcci\u00f3n de una coquizadora con recursos p\u00fablicos y una planta de licuefacci\u00f3n de inversi\u00f3n privada. Esto, adem\u00e1s de que se tiene la intenci\u00f3n de instalar otra en Coatzacoalcos.<\/p>\n<p>\u201cPor eso aunque no les guste a los conservadores vamos nosotros a fortalecer la Comisi\u00f3n Federal y a Pemex dos empresas fundamentales para el desarrollo de M\u00e9xico, el desarrollo independiente de nuestro pa\u00eds\u00bb, ofreci\u00f3 el primer mandatario.<\/p>\n<p style=\"text-align: center;\"><strong>El ej\u00e9rcito no s\u00f3lo iba regresar a sus<br \/>\ncuarteles, estaba en v\u00edas de desaparecer<\/strong><\/p>\n<p>Obras e inversiones aparte, lo notable en este caso es que, de nueva cuenta, el presidente de M\u00e9xico asigna a las fuerzas armadas la funci\u00f3n de garantes de que las obras p\u00fablicas no ser\u00e1n privatizadas. Una situaci\u00f3n radicalmente distinta a la planteada antes por\u00a0Andr\u00e9s Manuel L\u00f3pez Obrador como candidato presidencial y como presidente de la Rep\u00fablica con poco tiempo de haber asumido el poder.<\/p>\n<p>Por ejemplo, en febrero de 2012, cuando por segunda ocasi\u00f3n intentaba conquistar la Presidencia de la Rep\u00fablica, el entonces precandidato de la \u201cizquierda\u201d (entonces PRD y aliados) se comprometi\u00f3 a regresar al Ej\u00e9rcito a sus cuarteles en 6 meses, si gana la elecci\u00f3n federal del siguiente 1 de julio.<\/p>\n<p>Ya se sabe que en esa oportunidad el pol\u00edtico tabasque\u00f1o fue superado por el candidato del PRI y sus aliados, Enrique Pe\u00f1a Nieto.<\/p>\n<p>Por eso no se vio comprometido a cumplir ninguna promesa, como lo hizo en esa ocasi\u00f3n a trav\u00e9s de las antes \u201cbenditas\u201d redes sociales.<\/p>\n<p>\u201cNo debe seguir exponi\u00e9ndose al Ej\u00e9rcito, ni socavarlo; regresarlo en la medida que se va profesionalizando la polic\u00eda y eso nos llevar\u00e1 seis meses, en tanto la nueva polic\u00eda federal sea la que se haga cargo de garantizar la seguridad\u201d, dijo en esa ocasi\u00f3n L\u00f3pez Obrador.<\/p>\n<p>El entonces por segunda ocasi\u00f3n aspirante a Jefe del Ejecutivo insisti\u00f3 en que la inseguridad no debe combatirse s\u00f3lo con medidas coercitivas, sino tambi\u00e9n con programas que ayuden a reestablecer el tejido social y alejen a la gente de la delincuencia organizada.<\/p>\n<p>Detall\u00f3, por ejemplo, que para combatir a la delincuencia, en primera instancia se debe garantizar empleo, bienestar y atenci\u00f3n a los j\u00f3venes y, como ejemplo, mencion\u00f3 los programas sociales que instal\u00f3 en el Distrito Federal, cuando fue Jefe de Gobierno.<\/p>\n<p>A distancia, se puede apreciar que empezaba a consolidar su programa de seguridad p\u00fablica con base en \u201cabrazos, no balazos\u201d, el\u00a0 cual ha mantenido hasta la fecha.<\/p>\n<p>Lo que s\u00ed no ha cumplido es la oferta de regresar al ej\u00e9rcito a sus cuarteles y dejar a la polic\u00eda la responsabilidad de la seguridad p\u00fablica ni, mucho menos, desaparecer a las fuerzas armadas.<\/p>\n<p>Ya como presidente, en julio de 2019, el mismo L\u00f3pez Obrador se \u201clevant\u00f3 la vara\u201d, ya que no s\u00f3lo se comprometi\u00f3 a regresar al ej\u00e9rcito a sus cuarteles, sino que de plano plante\u00f3 la posibilidad de desaparecer las fuerzas armadas.<\/p>\n<p>Esas ideas quedaron plasmadas, entre otros espacios informativos, en una entrevista con su apreciado diario\u00a0<strong><em>La Jornada.<\/em><\/strong><\/p>\n<p>En esa oportunidad declar\u00f3 que, si por \u00e9l fuera,\u00a0\u201cdesaparecer\u00eda al Ej\u00e9rcito y lo convertir\u00eda en Guardia Nacional (GN), a la par que establecer\u00eda que M\u00e9xico es un pa\u00eds pacifista que en caso de defender su territorio recurrir\u00eda a sus ciudadanos.<\/p>\n<p>\u201cSi por m\u00ed fuera, yo desaparecer\u00eda al Ej\u00e9rcito y lo convertir\u00eda en Guardia Nacional, declarar\u00eda que M\u00e9xico es un pa\u00eds pacifista que no necesita Ej\u00e9rcito y que la defensa de la naci\u00f3n, en el caso de que fuese necesaria, la har\u00edamos todos. Que el Ej\u00e9rcito y la Marina se convertir\u00edan en Guardia Nacional para garantizar la seguridad\u201d.<\/p>\n<p>La entrevista se dio a conocer un d\u00eda despu\u00e9s de que el mandatario federal encabez\u00f3 el banderazo de salida a la Guardia Nacional, creada a partir de una reforma legal que fue duramente criticada por la oposici\u00f3n, por considerar que, al contrario de las promesas del candidato presidencial, el presidente L\u00f3pez Obrador hab\u00eda elegido la ruta de la militarizaci\u00f3n del pa\u00eds.<\/p>\n<p>En la referida entrevista, el jefe de Ejecutivo federal reconoci\u00f3 que el planteamiento de desaparecer al Ej\u00e9rcito es algo que no puede hacer porque hay \u201cresistencias\u201d.<\/p>\n<p>\u201cUna cosa es lo deseable y otra, lo posible. El paso que dimos fue importante porque la situaci\u00f3n era incre\u00edble: tenemos 230 mil elementos en el Ej\u00e9rcito, 65 mil en la Marina y pod\u00edan estar asaltando frente a un cuartel y (los militares) no pod\u00edan meterse porque no lo permit\u00eda la Constituci\u00f3n\u201d, dijo.<\/p>\n<p>L\u00f3pez Obrador tambi\u00e9n se\u00f1al\u00f3 que, si fuera necesario, el Ej\u00e9rcito podr\u00eda pedir perd\u00f3n por las posibles violaciones a Derechos Humanos cometidos en el pasado, o podr\u00eda hacerlo \u00e9l \u201ccomo representante del Estado y comandante supremo\u201d.<\/p>\n<p>\u201cPero hoy son circunstancias distintas. Hab\u00eda \u00f3rdenes de hacer todo eso\u201d, asegur\u00f3.<\/p>\n<p>Como se ha vuelto costumbre, el entonces todav\u00eda novel presidente de la Rep\u00fablica responsabiliz\u00f3 de los problemas, en este caso la inseguridad, a los gobiernos anteriores, \u201cporque la seguridad se descuid\u00f3 mucho en los \u00faltimos tiempos, sobre todo el a\u00f1o pasado. Soltaron todo, se descuidaron y en una de esas hasta lo promovieron desde el gobierno\u201d.<\/p>\n<p><em><a href=\"mailto:riparcangel@hotmail.com\" target=\"_blank\" rel=\"noopener noreferrer\">riparcangel@hotmail.com<\/a><\/em><\/p>\n","protected":false},"excerpt":{"rendered":"<p><span style=\"color: #005497;\"><strong>Miguel \u00c1ngel Rivera<\/strong><\/span<\/span><\/p>\n","protected":false},"author":3,"featured_media":0,"comment_status":"open","ping_status":"open","sticky":false,"template":"","format":"standard","meta":{"_monsterinsights_skip_tracking":false,"_monsterinsights_sitenote_active":false,"_monsterinsights_sitenote_note":"","_monsterinsights_sitenote_category":0,"footnotes":""},"categories":[84119],"tags":[84120,84121,43674],"class_list":["post-549726","post","type-post","status-publish","format-standard","hentry","category-miguel-angel-rivera","tag-clase-politica","tag-miguel-angel-rivera","tag-opinion"],"_links":{"self":[{"href":"https:\/\/www.diarioimagen.net\/index.php?rest_route=\/wp\/v2\/posts\/549726","targetHints":{"allow":["GET"]}}],"collection":[{"href":"https:\/\/www.diarioimagen.net\/index.php?rest_route=\/wp\/v2\/posts"}],"about":[{"href":"https:\/\/www.diarioimagen.net\/index.php?rest_route=\/wp\/v2\/types\/post"}],"author":[{"embeddable":true,"href":"https:\/\/www.diarioimagen.net\/index.php?rest_route=\/wp\/v2\/users\/3"}],"replies":[{"embeddable":true,"href":"https:\/\/www.diarioimagen.net\/index.php?rest_route=%2Fwp%2Fv2%2Fcomments&post=549726"}],"version-history":[{"count":0,"href":"https:\/\/www.diarioimagen.net\/index.php?rest_route=\/wp\/v2\/posts\/549726\/revisions"}],"wp:attachment":[{"href":"https:\/\/www.diarioimagen.net\/index.php?rest_route=%2Fwp%2Fv2%2Fmedia&parent=549726"}],"wp:term":[{"taxonomy":"category","embeddable":true,"href":"https:\/\/www.diarioimagen.net\/index.php?rest_route=%2Fwp%2Fv2%2Fcategories&post=549726"},{"taxonomy":"post_tag","embeddable":true,"href":"https:\/\/www.diarioimagen.net\/index.php?rest_route=%2Fwp%2Fv2%2Ftags&post=549726"}],"curies":[{"name":"wp","href":"https:\/\/api.w.org\/{rel}","templated":true}]}}