{"id":549729,"date":"2022-06-13T00:10:41","date_gmt":"2022-06-13T05:10:41","guid":{"rendered":"https:\/\/www.diarioimagen.net\/?p=549729"},"modified":"2022-06-14T01:41:17","modified_gmt":"2022-06-14T06:41:17","slug":"el-prd-en-vias-de-extincion","status":"publish","type":"post","link":"https:\/\/www.diarioimagen.net\/?p=549729","title":{"rendered":"El PRD, en v\u00edas de extinci\u00f3n"},"content":{"rendered":"<h2>De frente y de perfil<\/h2>\n<h5>Ram\u00f3n Zurita Sahag\u00fan<\/h5>\n<p>&nbsp;<\/p>\n<p>Los resultados electorales del pasado domingo muestran un derrumbe total de los partidos de izquierda y dejan en claro que el gigante de esta tendencia es el Movimiento Regeneraci\u00f3n Nacional, dif\u00edcil de ser vencido en las urnas.<\/p>\n<p>El PRD pierde el registro local en cinco de las seis entidades en competencia, salv\u00e1ndolo en Durango, donde en alianza con PRI y PAN ganaron el gobierno estatal.<\/p>\n<p>Con todo y que conserva el registro a nivel nacional, el perredismo se acerca a su extinci\u00f3n como partido competitivo.<\/p>\n<p>Cuando se fund\u00f3 el Partido de la Revoluci\u00f3n Democr\u00e1tica en el lejano 1989 se vislumbr\u00f3 un futuro prometedor, ya que naci\u00f3 a la sombra de los dudosos comicios de 1988, donde el ex priista Cuauht\u00e9moc C\u00e1rdenas disput\u00f3 la Presidencia de la Rep\u00fablica a Carlos Salinas.<\/p>\n<p>La fusi\u00f3n de un grupo de ex priistas y la cesi\u00f3n del registro del Partido Mexicano Socialista permitieron el nacimiento de este nuevo partido, cuyos cimientos convulsionaron al otrora imbatible PRI un a\u00f1o antes en las urnas.<\/p>\n<p>Una d\u00e9cada transcurri\u00f3 para que ganara su primera gubernatura, pero ya hab\u00eda dejado visos de su crecimiento con algunas elecciones locales que les dejaron diputaciones y alcald\u00edas.<\/p>\n<p>Durante su primera etapa los altos mandos del organismo pol\u00edticos fueron copados por los ex priistas, aunque a inicios del nuevo siglo, la izquierda consigui\u00f3 posicionarse. Ya para entonces, el Partido Socialista de los Trabajadores se hab\u00eda desintegrado y personajes como Graco Ram\u00edrez, Jes\u00fas Ortega y Carlos Navarrete se unieron, dando forma a la izquierda de la que proven\u00edan tambi\u00e9n Rosario Robles, Amalia Garc\u00eda, Alejandro Encinas y otros m\u00e1s, aunque se unieron tambi\u00e9n una serie de oportunistas.<\/p>\n<p>Tres ex priistas le proporcionaron al PRD sus primeras gubernaturas, Ricardo Monrel, Zacatecas; Leonel Cota, Baja California Sur y Alfonso S\u00e1nchez Anaya, Tlaxcala, bajo dirigencia nacional de Andr\u00e9s Manuel L\u00f3pez Obrador.<\/p>\n<p>Ya para entonces con una d\u00e9cada en formaci\u00f3n, los perredistas recibieron un fuerte golpe, cuando un a\u00f1o despu\u00e9s Cuauht\u00e9moc C\u00e1rdenas fue vencido nuevamente en las urnas y enviado otra vez hasta el tercer lugar en la elecci\u00f3n presidencial.\u00a0 La descarga recibida fue fuerte, tanto que afloraron fisuras al interior del partido y se opt\u00f3 porque los altos mandos del partido recayeran en los militantes procedentes de la izquierda. Pablo G\u00f3mez, Amalia Garc\u00eda, Rosario Robles y otros emergieron como liderazgos del PRD.<\/p>\n<p>Sin embargo, conflictos internos y la consolidaci\u00f3n de las llamadas tribus, fracturaron al partido. Una de ellas, Nueva Izquierda, conocida como \u201cLos Chuchos\u201d, aprovech\u00f3 para sentar sus reales.<\/p>\n<p>La disputa de la dirigencia nacional entre Jes\u00fas Ortega y Alejandro Encinas fue motivo de una disputa resulta varias semanas despu\u00e9s, sin que nadie quedar\u00e1 conforme.<\/p>\n<p>Con todo y ello, el PRD continu\u00f3 ganando algunos gobiernos estatales, una buena dotaci\u00f3n de diputados federales y alcald\u00edas importantes. Graco Ram\u00edrez, Arturo N\u00fa\u00f1ez ganaron con sus siglas y Gabino Cu\u00e9, Oaxaca; Mario L\u00f3pez (Malova), Sinaloa y Rafael Moreno Valle, triunfaron en la alianza consolidada con PAN y Convergencia. Todav\u00eda en 2015 Silvano Aureoles, Michoac\u00e1n, se convirti\u00f3 en el \u00faltimo perredista en ganar unos comicios estatales y en 2016, Jos\u00e9 Rosas Aispuro, result\u00f3 triunfador en una alianza que conformaron con el PAN.<\/p>\n<p>Ahora en 2022, los perredistas triunfaron nuevamente en dos estados, siendo escoltas de panistas y priistas, aunque los votos recibidos no les alcanzaron para mantener el registro local en cinco de los seis estados en contienda.<\/p>\n<p>Con las bancadas m\u00e1s peque\u00f1as en el Senado de la Rep\u00fablica y en la C\u00e1mara de Diputados, el PRD tiende a ir desapareciendo en los estados en que se realizan comicios y la aparici\u00f3n de Morena desde 2014 parece estar poniendo los \u00faltimos clavos en su ata\u00fad.<\/p>\n<p style=\"text-align: center;\"><strong>******<\/strong><\/p>\n<p>El martes a las 10 de la ma\u00f1ana se reunir\u00e1n el dirigente nacional del PRI, Alejandro Moreno C\u00e1rdenas y un grupo de ex presidentes del partido que pretenden dialogar sobre el futuro del partido. En el grupo hay quienes piden explicaciones sobre lo que viene sucediendo con el PRI que va dando tumbos, olvidando que varios de ellos fueron part\u00edcipes de ese declive, ya que presidieron la organizaci\u00f3n pol\u00edtica en las derrotas presidenciales del a\u00f1o 2000 y 2018.<\/p>\n<p><a href=\"mailto:ramonzurita44@hotmail.com\" target=\"_blank\" rel=\"noopener noreferrer\"><em>ramonzurita44@hotmail.com<\/em><\/a><\/p>\n","protected":false},"excerpt":{"rendered":"<p><span style=\"color: #005497;\"><strong>Ram\u00f3n Zurita Sahag\u00fan<\/strong><\/span><\/p>\n","protected":false},"author":3,"featured_media":0,"comment_status":"open","ping_status":"open","sticky":false,"template":"","format":"standard","meta":{"_monsterinsights_skip_tracking":false,"_monsterinsights_sitenote_active":false,"_monsterinsights_sitenote_note":"","_monsterinsights_sitenote_category":0,"footnotes":""},"categories":[234],"tags":[304,43674,43687],"class_list":["post-549729","post","type-post","status-publish","format-standard","hentry","category-ramon-zurita-sahagun","tag-de-frente-y-de-perfil","tag-opinion","tag-ramon-zurita-sahagun"],"_links":{"self":[{"href":"https:\/\/www.diarioimagen.net\/index.php?rest_route=\/wp\/v2\/posts\/549729","targetHints":{"allow":["GET"]}}],"collection":[{"href":"https:\/\/www.diarioimagen.net\/index.php?rest_route=\/wp\/v2\/posts"}],"about":[{"href":"https:\/\/www.diarioimagen.net\/index.php?rest_route=\/wp\/v2\/types\/post"}],"author":[{"embeddable":true,"href":"https:\/\/www.diarioimagen.net\/index.php?rest_route=\/wp\/v2\/users\/3"}],"replies":[{"embeddable":true,"href":"https:\/\/www.diarioimagen.net\/index.php?rest_route=%2Fwp%2Fv2%2Fcomments&post=549729"}],"version-history":[{"count":0,"href":"https:\/\/www.diarioimagen.net\/index.php?rest_route=\/wp\/v2\/posts\/549729\/revisions"}],"wp:attachment":[{"href":"https:\/\/www.diarioimagen.net\/index.php?rest_route=%2Fwp%2Fv2%2Fmedia&parent=549729"}],"wp:term":[{"taxonomy":"category","embeddable":true,"href":"https:\/\/www.diarioimagen.net\/index.php?rest_route=%2Fwp%2Fv2%2Fcategories&post=549729"},{"taxonomy":"post_tag","embeddable":true,"href":"https:\/\/www.diarioimagen.net\/index.php?rest_route=%2Fwp%2Fv2%2Ftags&post=549729"}],"curies":[{"name":"wp","href":"https:\/\/api.w.org\/{rel}","templated":true}]}}