{"id":549866,"date":"2022-06-14T00:02:57","date_gmt":"2022-06-14T05:02:57","guid":{"rendered":"https:\/\/www.diarioimagen.net\/?p=549866"},"modified":"2022-06-14T01:58:43","modified_gmt":"2022-06-14T06:58:43","slug":"respaldan-priistas-mexiquenses-a-su-presidente-del-cen-alejandro-moreno","status":"publish","type":"post","link":"https:\/\/www.diarioimagen.net\/?p=549866","title":{"rendered":"Respaldan priistas mexiquenses a su presidente del CEN, Alejandro Moreno"},"content":{"rendered":"<p>&nbsp;<\/p>\n<ul>\n<li><strong><em>Denuncian \u201cguerra sucia\u201d del gobierno federal<\/em><\/strong><\/li>\n<\/ul>\n<p>&nbsp;<\/p>\n<div id=\"attachment_549941\" style=\"width: 470px\" class=\"wp-caption aligncenter\"><img loading=\"lazy\" decoding=\"async\" aria-describedby=\"caption-attachment-549941\" class=\"size-full wp-image-549941\" src=\"https:\/\/www.diarioimagen.net\/wp-content\/uploads\/2022\/06\/tlalnepantla-1.jpg\" alt=\"\" width=\"460\" height=\"270\" \/><p id=\"caption-attachment-549941\" class=\"wp-caption-text\">El dirigente nacional del PRI, Alejandro Moreno,recibi\u00f3 el apoyo de l\u00edderes seccionales priistas del Edomex.<\/p><\/div>\n<p>&nbsp;<\/p>\n<p><strong>Tlalnepantla, Estado de M\u00e9xico.\u2014<\/strong> La unidad debe de ser nuestra mejor fortaleza, es por ese motivo que la militancia del Estado de M\u00e9xico, apoya a nuestro dirigente nacional, Alejandro Moreno, quien no caer\u00e1 en la \u201cguerra sucia\u201d que han desatado en su contra desde el Gobierno Federal.<\/p>\n<p>Aseguraron lo anterior, l\u00edderes seccionales del tricolor, quienes pidieron a ex presidentes del PRI no caer en el juego de la oposici\u00f3n y respaldar al dirigente nacional de ese partido por el bien de M\u00e9xico.<\/p>\n<p>Y es que en medio de la pol\u00e9mica al interior del Partido de la Revoluci\u00f3n Institucional (PRI),\u00a0Alejandro Moreno C\u00e1rdenas acept\u00f3 reunirse con una decena de prominentes ex dirigentes nacionales de su instituto pol\u00edtico.<\/p>\n<p>Por medio de sus redes sociales dio a conocer la aceptaci\u00f3n de la convocatoria urgente que personajes como Miguel \u00c1ngel Osorio Chong y Manlio Fabio Beltrones le hicieron llegar tras el\u00a0fracaso electoral\u00a0en las urnas del pasado domingo 6 de julio.<\/p>\n<p>\u201cCon mucho gusto recibo a las y los ex presidentes del PRI.\u00a0Ser\u00e1 grato reunirnos, como en otras ocasiones. Nada es m\u00e1s importante que escuchar todas las voces y opiniones. Nos vemos este\u00a0martes 14 de junio, a las 10:00 horas\u00a0en el Comit\u00e9 Ejecutivo Nacional (CEN) del PRI. Un abrazo a todas y todos\u201d, public\u00f3 en su cuenta verificada de Twitter,\u00a0@alitomorenoc.<\/p>\n<p>Finalmente, la militancia pri\u00edsta del Estado de M\u00e9xico, asegur\u00f3 que \u201cla reuni\u00f3n entre ex dirigentes, debe de llegar a buen puerto, pues s\u00f3lo as\u00ed, retendremos la entidad mexiquense y recuperaremos las riendas del pa\u00eds\u201d.<\/p>\n","protected":false},"excerpt":{"rendered":"<p>La unidad debe de ser nuestra mejor fortaleza, es por ese motivo que la militancia del Estado de M\u00e9xico, apoya a nuestro dirigente nacional, Alejandro Moreno, quien no caer\u00e1 en la \u201cguerra sucia\u201d que han desatado en su contra desde el Gobierno Federal.<\/p>\n","protected":false},"author":3,"featured_media":549941,"comment_status":"open","ping_status":"open","sticky":false,"template":"","format":"standard","meta":{"_monsterinsights_skip_tracking":false,"_monsterinsights_sitenote_active":false,"_monsterinsights_sitenote_note":"","_monsterinsights_sitenote_category":0,"footnotes":""},"categories":[5],"tags":[43675,19969,362,85458,169],"class_list":["post-549866","post","type-post","status-publish","format-standard","has-post-thumbnail","hentry","category-estado-de-mexico","tag-estado-de-mexico","tag-lider","tag-pri","tag-respaldo","tag-tlalnepantla"],"_links":{"self":[{"href":"https:\/\/www.diarioimagen.net\/index.php?rest_route=\/wp\/v2\/posts\/549866","targetHints":{"allow":["GET"]}}],"collection":[{"href":"https:\/\/www.diarioimagen.net\/index.php?rest_route=\/wp\/v2\/posts"}],"about":[{"href":"https:\/\/www.diarioimagen.net\/index.php?rest_route=\/wp\/v2\/types\/post"}],"author":[{"embeddable":true,"href":"https:\/\/www.diarioimagen.net\/index.php?rest_route=\/wp\/v2\/users\/3"}],"replies":[{"embeddable":true,"href":"https:\/\/www.diarioimagen.net\/index.php?rest_route=%2Fwp%2Fv2%2Fcomments&post=549866"}],"version-history":[{"count":0,"href":"https:\/\/www.diarioimagen.net\/index.php?rest_route=\/wp\/v2\/posts\/549866\/revisions"}],"wp:featuredmedia":[{"embeddable":true,"href":"https:\/\/www.diarioimagen.net\/index.php?rest_route=\/wp\/v2\/media\/549941"}],"wp:attachment":[{"href":"https:\/\/www.diarioimagen.net\/index.php?rest_route=%2Fwp%2Fv2%2Fmedia&parent=549866"}],"wp:term":[{"taxonomy":"category","embeddable":true,"href":"https:\/\/www.diarioimagen.net\/index.php?rest_route=%2Fwp%2Fv2%2Fcategories&post=549866"},{"taxonomy":"post_tag","embeddable":true,"href":"https:\/\/www.diarioimagen.net\/index.php?rest_route=%2Fwp%2Fv2%2Ftags&post=549866"}],"curies":[{"name":"wp","href":"https:\/\/api.w.org\/{rel}","templated":true}]}}