{"id":549868,"date":"2022-06-14T00:04:35","date_gmt":"2022-06-14T05:04:35","guid":{"rendered":"https:\/\/www.diarioimagen.net\/?p=549868"},"modified":"2022-06-14T01:58:00","modified_gmt":"2022-06-14T06:58:00","slug":"la-maquinaria-del-pri-esta-lista-para-2023-afirma-el-dirigente-eric-sevilla","status":"publish","type":"post","link":"https:\/\/www.diarioimagen.net\/?p=549868","title":{"rendered":"La maquinaria del PRI est\u00e1 lista para 2023, afirma el dirigente Eric Sevilla"},"content":{"rendered":"<p>&nbsp;<\/p>\n<ul>\n<li><strong><em>\u201c\u00a1Vamos a ganar Edomex!\u201d, gritan militantes<\/em><\/strong><\/li>\n<\/ul>\n<p>&nbsp;<\/p>\n<h6>Arturo Baena<\/h6>\n<p>&nbsp;<\/p>\n<div id=\"attachment_549939\" style=\"width: 470px\" class=\"wp-caption aligncenter\"><img loading=\"lazy\" decoding=\"async\" aria-describedby=\"caption-attachment-549939\" class=\"size-full wp-image-549939\" src=\"https:\/\/www.diarioimagen.net\/wp-content\/uploads\/2022\/06\/tlalnepantla-pri.jpg\" alt=\"\" width=\"460\" height=\"270\" \/><p id=\"caption-attachment-549939\" class=\"wp-caption-text\">El dirigente del PRI en Edomex, Eric Sevilla, reiter\u00f3 ante cientos de militantes que la maquina priista est\u00e1 lista para 2023.<\/p><\/div>\n<p>&nbsp;<\/p>\n<p><strong>Tlalnepantla, Estado de M\u00e9xico.\u2014<\/strong> Ante cientos de priistas de esta localidad y al grito de \u201c\u00a1vamos a ganar\u201d! , la dirigencia estatal de ese instituto pol\u00edtico asegur\u00f3 que la maquinaria est\u00e1 aceitada y lista para el 2023.<\/p>\n<p>El dirigente del PRI, Eric Sevilla, reiter\u00f3 que \u201cel PRI mexiquense\u00a0ganar\u00e1 las elecciones del 2023 pese al aparato gubernamental federal que caer\u00e1 en la entidad, pues lo que viene \u201ces la madre de todas las batallas y vamos a dar una gran lecci\u00f3n\u201d.<\/p>\n<p>En ese sentido, Carlos Islas Neri, ex dirigente de ese instituto pol\u00edtico en Naucalpan, refrend\u00f3 que, efectivamente, \u201clleg\u00f3 la hora y no solo para una elecci\u00f3n pol\u00edtica, no es un alcance electorero lo que nos re\u00fane a los priistas, lo que vamos a hacer el pr\u00f3ximo a\u00f1o es salvar a M\u00e9xico de la debacle\u201d.<\/p>\n<p>Islas Neri destac\u00f3 que el PRI se encuentra frente a un gobierno que hace trampa como ocurri\u00f3 el pasado domingo, \u201cdonde vimos testimonios concretos de estas circunstancias y contra eso vamos queridos priistas, pero les vamos a ganar con el esfuerzo de todos ustedes\u201d, dijo.<\/p>\n<p>El tambi\u00e9n ex regidor convoc\u00f3 a prepararse para lo que viene, \u201cya que son tiempos de competencia pol\u00edtica y tenemos que enfundar los cinturones del pantal\u00f3n, el escudo del partido y la camisa con la chamarra para estar listos el pr\u00f3ximo a\u00f1o\u201d.<\/p>\n<p>De tal forma que no s\u00f3lo est\u00e1 en juego la gubernatura del Estado de M\u00e9xico, sino \u201cla decisi\u00f3n de un proyecto de naci\u00f3n que queremos para nuestro Estado y para nuestro pa\u00eds, de ese tama\u00f1o es la trascendencia de lo que viviremos en la entidad mexiquense\u201d, asever\u00f3.<\/p>\n<p>Finalmente, Carlos Islas dijo que estamos listos para lo que venga, tomando en cuenta que no solo es una lucha por la gubernatura, sino que vamos a trabajar por lo que queremos para nuestras familias que es un mejor pa\u00eds\u201d.<\/p>\n","protected":false},"excerpt":{"rendered":"<p>Ante cientos de priistas de esta localidad y al grito de \u201c\u00a1vamos a ganar\u201d! , la dirigencia estatal de ese instituto pol\u00edtico asegur\u00f3 que la maquinaria est\u00e1 aceitada y lista para el 2023.<\/p>\n","protected":false},"author":3,"featured_media":549939,"comment_status":"open","ping_status":"open","sticky":false,"template":"","format":"standard","meta":{"_monsterinsights_skip_tracking":false,"_monsterinsights_sitenote_active":false,"_monsterinsights_sitenote_note":"","_monsterinsights_sitenote_category":0,"footnotes":""},"categories":[5],"tags":[95578,43675,82112,362,169],"class_list":["post-549868","post","type-post","status-publish","format-standard","has-post-thumbnail","hentry","category-estado-de-mexico","tag-eric-sevilla","tag-estado-de-mexico","tag-maquinaria","tag-pri","tag-tlalnepantla"],"_links":{"self":[{"href":"https:\/\/www.diarioimagen.net\/index.php?rest_route=\/wp\/v2\/posts\/549868","targetHints":{"allow":["GET"]}}],"collection":[{"href":"https:\/\/www.diarioimagen.net\/index.php?rest_route=\/wp\/v2\/posts"}],"about":[{"href":"https:\/\/www.diarioimagen.net\/index.php?rest_route=\/wp\/v2\/types\/post"}],"author":[{"embeddable":true,"href":"https:\/\/www.diarioimagen.net\/index.php?rest_route=\/wp\/v2\/users\/3"}],"replies":[{"embeddable":true,"href":"https:\/\/www.diarioimagen.net\/index.php?rest_route=%2Fwp%2Fv2%2Fcomments&post=549868"}],"version-history":[{"count":0,"href":"https:\/\/www.diarioimagen.net\/index.php?rest_route=\/wp\/v2\/posts\/549868\/revisions"}],"wp:featuredmedia":[{"embeddable":true,"href":"https:\/\/www.diarioimagen.net\/index.php?rest_route=\/wp\/v2\/media\/549939"}],"wp:attachment":[{"href":"https:\/\/www.diarioimagen.net\/index.php?rest_route=%2Fwp%2Fv2%2Fmedia&parent=549868"}],"wp:term":[{"taxonomy":"category","embeddable":true,"href":"https:\/\/www.diarioimagen.net\/index.php?rest_route=%2Fwp%2Fv2%2Fcategories&post=549868"},{"taxonomy":"post_tag","embeddable":true,"href":"https:\/\/www.diarioimagen.net\/index.php?rest_route=%2Fwp%2Fv2%2Ftags&post=549868"}],"curies":[{"name":"wp","href":"https:\/\/api.w.org\/{rel}","templated":true}]}}