{"id":549870,"date":"2022-06-14T00:03:20","date_gmt":"2022-06-14T05:03:20","guid":{"rendered":"https:\/\/www.diarioimagen.net\/?p=549870"},"modified":"2022-06-14T01:59:57","modified_gmt":"2022-06-14T06:59:57","slug":"continuan-operativos-en-naucalpan-cierran-cinco-chelerias-clandestinas","status":"publish","type":"post","link":"https:\/\/www.diarioimagen.net\/?p=549870","title":{"rendered":"Contin\u00faan operativos en Naucalpan; cierran cinco \u201ccheler\u00edas\u201d clandestinas"},"content":{"rendered":"<p>&nbsp;<\/p>\n<p><img loading=\"lazy\" decoding=\"async\" class=\"aligncenter size-full wp-image-549946\" src=\"https:\/\/www.diarioimagen.net\/wp-content\/uploads\/2022\/06\/naucalpan-3.jpg\" alt=\"\" width=\"460\" height=\"270\" \/><\/p>\n<p>&nbsp;<\/p>\n<p><strong>Naucalpan, Estado de M\u00e9xico.\u2014<\/strong> Continuando con operativos, el gobierno de esta localidad clausur\u00f3 cinco \u2018cheler\u00edas\u2019 de las colonias Lomas de San Agust\u00edn, Valle Dorado, M\u00e1rtires de R\u00edo Blanco y San Luis Tlatilco, que fueron retiradas de la v\u00eda p\u00fablica; adem\u00e1s se colocaron sellos de suspensi\u00f3n a un establecimiento donde se vend\u00edan bebidas alcoh\u00f3licas a menores de edad.<\/p>\n<p>Durante las acciones realizados este fin de semana por el gobierno de Naucalpan se detuvo a dos personas que fueron presentadas ante la Oficial\u00eda Calificadora y dos m\u00e1s ante al Ministerio P\u00fablico.<\/p>\n","protected":false},"excerpt":{"rendered":"<p>Continuando con operativos, el gobierno de esta localidad clausur\u00f3 cinco \u2018cheler\u00edas\u2019 de las colonias Lomas de San Agust\u00edn, Valle Dorado, M\u00e1rtires de R\u00edo Blanco y San Luis Tlatilco, que fueron retiradas de la v\u00eda p\u00fablica; adem\u00e1s se colocaron sellos de suspensi\u00f3n a un establecimiento donde se vend\u00edan bebidas alcoh\u00f3licas a menores de edad.<\/p>\n","protected":false},"author":3,"featured_media":549946,"comment_status":"open","ping_status":"open","sticky":false,"template":"","format":"standard","meta":{"_monsterinsights_skip_tracking":false,"_monsterinsights_sitenote_active":false,"_monsterinsights_sitenote_note":"","_monsterinsights_sitenote_category":0,"footnotes":""},"categories":[5],"tags":[95713,21865,43675,970],"class_list":["post-549870","post","type-post","status-publish","format-standard","has-post-thumbnail","hentry","category-estado-de-mexico","tag-chelerias","tag-cierre","tag-estado-de-mexico","tag-naucalpan"],"_links":{"self":[{"href":"https:\/\/www.diarioimagen.net\/index.php?rest_route=\/wp\/v2\/posts\/549870","targetHints":{"allow":["GET"]}}],"collection":[{"href":"https:\/\/www.diarioimagen.net\/index.php?rest_route=\/wp\/v2\/posts"}],"about":[{"href":"https:\/\/www.diarioimagen.net\/index.php?rest_route=\/wp\/v2\/types\/post"}],"author":[{"embeddable":true,"href":"https:\/\/www.diarioimagen.net\/index.php?rest_route=\/wp\/v2\/users\/3"}],"replies":[{"embeddable":true,"href":"https:\/\/www.diarioimagen.net\/index.php?rest_route=%2Fwp%2Fv2%2Fcomments&post=549870"}],"version-history":[{"count":0,"href":"https:\/\/www.diarioimagen.net\/index.php?rest_route=\/wp\/v2\/posts\/549870\/revisions"}],"wp:featuredmedia":[{"embeddable":true,"href":"https:\/\/www.diarioimagen.net\/index.php?rest_route=\/wp\/v2\/media\/549946"}],"wp:attachment":[{"href":"https:\/\/www.diarioimagen.net\/index.php?rest_route=%2Fwp%2Fv2%2Fmedia&parent=549870"}],"wp:term":[{"taxonomy":"category","embeddable":true,"href":"https:\/\/www.diarioimagen.net\/index.php?rest_route=%2Fwp%2Fv2%2Fcategories&post=549870"},{"taxonomy":"post_tag","embeddable":true,"href":"https:\/\/www.diarioimagen.net\/index.php?rest_route=%2Fwp%2Fv2%2Ftags&post=549870"}],"curies":[{"name":"wp","href":"https:\/\/api.w.org\/{rel}","templated":true}]}}