{"id":549892,"date":"2022-06-14T00:02:08","date_gmt":"2022-06-14T05:02:08","guid":{"rendered":"https:\/\/www.diarioimagen.net\/?p=549892"},"modified":"2022-06-13T23:38:53","modified_gmt":"2022-06-14T04:38:53","slug":"se-marca-ruptura-entre-amlo-y-monreal","status":"publish","type":"post","link":"https:\/\/www.diarioimagen.net\/?p=549892","title":{"rendered":"Se marca ruptura entre AMLO y Monreal"},"content":{"rendered":"<h2>La Retaguardia<\/h2>\n<h5>Adriana Moreno Cordero<\/h5>\n<p><strong><em>\u00a0<\/em><\/strong><\/p>\n<ul>\n<li><strong><em>\u00bfA qu\u00e9 intereses sirve el senador Miguel \u00c1ngel Osorio Chong?<\/em><\/strong><\/li>\n<\/ul>\n<p>&nbsp;<\/p>\n<p>El senador <strong>Higinio Mart\u00ednez<\/strong>, uno de los aspirantes a la candidatura de Morena para el Estado de M\u00e9xico, se ufan\u00f3, al igual que muchos de sus correligionarios, del multitudinario mitin que organizaron el fin de semana pasado los morenistas en Toluca y en el que abiertamente no invitaron al presidente de la Junta de Coordinaci\u00f3n Pol\u00edtica del Senado de la Rep\u00fablica, <strong>Ricardo Monreal \u00c1vila<\/strong> pero en el fondo, \u00bfpara qu\u00e9 iba el legislador zacatecano?, \u00bfa ver la cara de la siempre eficiente jefa de Gobierno de la Ciudad de M\u00e9xico, <strong>Claudia Sheinbaum<\/strong>, larga, larga, de enojo cuando el secretario de Relaciones Exteriores, <strong>Marcelo Ebrard<\/strong>, previos \u201cba\u00f1os de pueblo\u201d con sus seguidores, tom\u00f3 el micr\u00f3fono para ser uno de los oradores?, \u00bfacaso cre\u00eda la funcionaria capitalina que ella iba a ser la \u00fanica? Eso s\u00ed, la se\u00f1ora Sheinbaum Pardo, soport\u00f3 la intervenci\u00f3n del secretario de Gobernaci\u00f3n, <strong>Ad\u00e1n Augusto L\u00f3pez<\/strong>, nada m\u00e1s para no hacer enojar al jefe de ambos.<\/p>\n<p>As\u00ed que ahora no salga el presidente <strong>Andr\u00e9s Manuel L\u00f3pez Obrador<\/strong> con que no sab\u00eda que sus empleados y \u201ccorcholatas\u201d no hab\u00edan invitado al senador Monreal, ni al desayuno previo al mitin y a pregunta expresa respondi\u00f3 desde su gustad\u00edsimo \u201cstand up\u201d ma\u00f1anero que \u201ceso s\u00ed ya no, hasta all\u00e1 ya no llego, pero hay que invitarlo\u201d.<\/p>\n<p>La misma noche del domingo, en uno de los noticieros que se transmite por un canal que est\u00e1 abiertamente al servicio de Palacio Nacional, se subray\u00f3 la ausencia del tambi\u00e9n coordinador de la bancada de Morena en la C\u00e1mara alta, cuando al referido mitin, s\u00ed estuvieron presentes tanto el presidente de la Mesa Directiva de la C\u00e1mara de Diputados, <strong>Sergio \u201cGutierritos\u201d Guti\u00e9rrez Luna,<\/strong> y el coordinador de la fracci\u00f3n parlamentaria del partido oficial en San L\u00e1zaro, <strong>Ignacio Mier,<\/strong> y se preocuparon por se\u00f1alar que Monreal Avila estaba m\u00e1s ocupado encabezando un homenaje a su paisano, el poeta Ram\u00f3n L\u00f3pez Velarde.<\/p>\n<p>Lo cierto es que Ricardo Monreal se r\u00ede de las ocurrencias que tienen los militantes de Morena \u2014igualitos que su jefe m\u00e1ximo\u2014 y es contundente al se\u00f1alar que no va a declinar en su aspiraci\u00f3n. As\u00ed que a los ojos de diversos analistas, es el propio ex gobernador de Zacatecas el que est\u00e1 marcando las distancias, ante los desaires de sus propios correligionarios, por lo que hace meses, avanza en su propio proyecto y busca ya partido al cual dirigirse una vez que se complete y concrete el rompimiento con Morena.<\/p>\n<p>Una de las muchas versiones que circulan\u00a0 en los corrillos pol\u00edticos, y a\u00fan m\u00e1s all\u00e1, es que el presidente de la Jucopo en la C\u00e1mara alta, migrar\u00eda a Movimiento Ciudadano para buscar no la candidatura presidencial, sino la de jefatura de Gobierno de la CDMX o bien, la coordinaci\u00f3n de la campa\u00f1a ni m\u00e1s ni menos que de Marcelo Ebrard. Cuesti\u00f3n de reparar en un peque\u00f1o detalle: el domingo en Toluca, el canciller pidi\u00f3 pr\u00e1cticamente lo mismo que ha venido demandando el senador Monreal: piso parejo en la carrera hacia el 2024.<\/p>\n<p>Y en lo que esa duda se resuelve, el senador Monreal, en conferencia de prensa, estim\u00f3 que las candidaturas que se placearon el fin de semana en Toluca, tienden a desinflarse.<\/p>\n<p>Asimismo, consider\u00f3 que \u201cno es bueno que la democracia se est\u00e9 vulnerando con ilegalidades. Para m\u00ed no es adecuada la utilizaci\u00f3n de recursos p\u00fablicos para la promoci\u00f3n personal. Yo vi ayer, letreros, camisetas, mantas\u2026 nadie puede negar que son actos anticipados de campa\u00f1a\u201d.<\/p>\n<p>Por si en Palacio Nacional no le qued\u00f3 claro a su inquilino, Ricardo Monreal agreg\u00f3 que \u201cDesde el poder, se pueden construir artificialmente candidaturas, pero ser\u00e1n endebles y caprichosas. No aspiramos a que se nos promueva\u201d y finaliz\u00f3 se\u00f1alado que no ser\u00e1 \u00e9l quien denuncie esta abierta violaci\u00f3n a la ley porque no se confrontar\u00e1 con sus a\u00fan correligionarios.<\/p>\n<p style=\"text-align: center;\"><strong>Municiones<\/strong><\/p>\n<p>*** Bien sabido es que en las pasadas elecciones del domingo 5 de junio, los a\u00fan gobernadores de Hidalgo, <strong>Omar Fayad;<\/strong> y Oaxaca, <strong>Alejandro Murat<\/strong>, trabajaron arduamente, pero para entregarle a Morena los respectivos estados. El esposo de la actriz <strong>Victoria Ruffo<\/strong>, estaba enojado con su partido porque su candidato no lleg\u00f3, por eso desde antes, se hab\u00eda puesto la camiseta morenista y se puso a las \u00f3rdenes de quien result\u00f3 el candidato ganador, <strong>Julio Menchaca<\/strong>. En el caso del mandatario estatal oaxaque\u00f1o, no ocup\u00f3 ning\u00fan conflicto de ese tipo; parti\u00f3 de la premisa de que entregar la entidad a los morenistas, ser\u00eda el necesario pelda\u00f1o que requiere para perseguir su ilusi\u00f3n, ser candidato presidencial, sin importar el partido, s\u00f3lo que se le olvida que -seg\u00fan se sabe- en el partido oficial no lo ven con buenos ojos, o sea, nada bien. Asimismo, por \u201clas ex benditas redes\u201d se solt\u00f3 el comentario de que Omar Fayad ser\u00e1 nombrado como un merecido premio, como c\u00f3nsul de esta errada y llamada Cuarta Transformaci\u00f3n en R\u00edo de Janeiro, as\u00ed que en los meses que le faltan por entregar la gubernatura a su sucesor, tiene que cuidarse muy bien, no le vaya a pasar como al impresentable de <strong>Pedro Salmer\u00f3n<\/strong>, que ya no sabe d\u00f3nde esparcir su frustraci\u00f3n porque no lleg\u00f3 a la embajada de M\u00e9xico en Panam\u00e1 y se pelea con los taqueros, como ocurri\u00f3 en Colima porque, seg\u00fan \u00e9l, le quieren cobrar de m\u00e1s. Pero bueno, Fayad Meneses y el acosador de Salmer\u00f3n, no tienen punto de comparaci\u00f3n. \u00a1Qu\u00e9 tal!<\/p>\n<p>*** Otro que muy disciplinado, por cierto, anda repitiendo el discurso lopezobradorista, es el coordinador de la bancada del PRI en el Senado de la Rep\u00fablica, <strong>Miguel \u00c1ngel Osorio Chong,<\/strong> al pronunciarse en contra de la moratoria constitucional que anunciaron los integrantes de la Alianza \u201cVa por M\u00e9xico\u201d, con el objetivo de frenar los afanes dictatoriales del presidente. El ex gobernador de Hidalgo est\u00e1 muy indignado porque dice que no lo tomaron en cuenta ni a \u00e9l, ni a sus coordinados e insisti\u00f3 en que en este caso a los senadores los eligieron para legislar y de ese modo desquitar el sueldo. Pues, \u00bfqu\u00e9 cuenta le tendr\u00e1n al senador Osorio por all\u00e1 por el rumbo de Palacio Nacional?, porque hasta nervioso se puso cuando le preguntaron si en el fondo lo que quiere es llegar a la dirigencia nacional del PRI. Osorio respondi\u00f3 que no era el momento ni el \u00e1nimo. Qu\u00e9 raro, porque se ha emprendido una andanada en contra de la actual dirigencia del PRI, entonces, \u00bfal servicio de qui\u00e9n est\u00e1 el coordinador priista? Y la pregunta viene a cuento porque cuando le preguntaron que si la coalici\u00f3n \u201cVa por M\u00e9xico\u201d debe continuar, el senador Osorio Chong contest\u00f3 que s\u00ed, pero que se debe de revisar.<\/p>\n<p><u><a href=\"mailto:morcora@gmail.com\" target=\"_blank\" rel=\"noopener noreferrer\"><em>morcora@gmail.com<\/em><\/a><\/u><\/p>\n","protected":false},"excerpt":{"rendered":"<p><span style=\"color: #005497;\"><strong>Adriana Moreno Cordero<\/strong><\/span><\/p>\n","protected":false},"author":3,"featured_media":0,"comment_status":"open","ping_status":"open","sticky":false,"template":"","format":"standard","meta":{"_monsterinsights_skip_tracking":false,"_monsterinsights_sitenote_active":false,"_monsterinsights_sitenote_note":"","_monsterinsights_sitenote_category":0,"footnotes":""},"categories":[69370],"tags":[69369,69368,43674],"class_list":["post-549892","post","type-post","status-publish","format-standard","hentry","category-adriana-moreno-cordero","tag-adriana-moreno-cordero","tag-la-retaguardia","tag-opinion"],"_links":{"self":[{"href":"https:\/\/www.diarioimagen.net\/index.php?rest_route=\/wp\/v2\/posts\/549892","targetHints":{"allow":["GET"]}}],"collection":[{"href":"https:\/\/www.diarioimagen.net\/index.php?rest_route=\/wp\/v2\/posts"}],"about":[{"href":"https:\/\/www.diarioimagen.net\/index.php?rest_route=\/wp\/v2\/types\/post"}],"author":[{"embeddable":true,"href":"https:\/\/www.diarioimagen.net\/index.php?rest_route=\/wp\/v2\/users\/3"}],"replies":[{"embeddable":true,"href":"https:\/\/www.diarioimagen.net\/index.php?rest_route=%2Fwp%2Fv2%2Fcomments&post=549892"}],"version-history":[{"count":0,"href":"https:\/\/www.diarioimagen.net\/index.php?rest_route=\/wp\/v2\/posts\/549892\/revisions"}],"wp:attachment":[{"href":"https:\/\/www.diarioimagen.net\/index.php?rest_route=%2Fwp%2Fv2%2Fmedia&parent=549892"}],"wp:term":[{"taxonomy":"category","embeddable":true,"href":"https:\/\/www.diarioimagen.net\/index.php?rest_route=%2Fwp%2Fv2%2Fcategories&post=549892"},{"taxonomy":"post_tag","embeddable":true,"href":"https:\/\/www.diarioimagen.net\/index.php?rest_route=%2Fwp%2Fv2%2Ftags&post=549892"}],"curies":[{"name":"wp","href":"https:\/\/api.w.org\/{rel}","templated":true}]}}