{"id":549902,"date":"2022-06-14T00:03:33","date_gmt":"2022-06-14T05:03:33","guid":{"rendered":"https:\/\/www.diarioimagen.net\/?p=549902"},"modified":"2022-06-14T01:32:11","modified_gmt":"2022-06-14T06:32:11","slug":"y-los-gastos-de-morena-apa","status":"publish","type":"post","link":"https:\/\/www.diarioimagen.net\/?p=549902","title":{"rendered":"\u00bfY los gastos de Morena ap\u00e1?"},"content":{"rendered":"<h2>Espacio Electoral<\/h2>\n<h5>Eleazar Flores<\/h5>\n<p>&nbsp;<\/p>\n<p><strong>TODO UN CARNAVAL-.<\/strong> La concentraci\u00f3n de entre cinco y diez mil personas el domingo en la explanada del Teatro Morelos de Toluca fue todo un espect\u00e1culo redondo para la causa del\u00a0 Movimiento Regeneraci\u00f3n Nacional\u2026 pero de que result\u00f3 caro, s\u00ed lo fue.<\/p>\n<p>Obvio que no es malo demostrar fuerza pol\u00edtica ante un rival, el PRI, que vive una de sus peores \u00e9pocas, ni siquiera comparada con 1988, por culpa de un salinismo que pocos esperaban.<\/p>\n<p>Lo malo del supershow \u201cmoreno\u201d es que es un secreto a voces que como partido, desde que naci\u00f3 hace unos diez a\u00f1os y m\u00e1s a\u00fan con la ascensi\u00f3n al poder de su fundador, nunca ha rendido cuentas ni a sus propios comit\u00e9s estatales \u2014si es que existen\u2014 ni siquiera a los \u00f3rganos aut\u00f3nomos legalmente constituidos ex profeso para ello, como el Instituto Nacional Electoral o bien el Tribunal Electoral del Poder Judicial de la Federaci\u00f3n.<\/p>\n<p>En el caso espec\u00edfico de la concentraci\u00f3n dominical del pasado domingo 12 en la capital del Estado de M\u00e9xico, se estima una concentraci\u00f3n de entre ocho a diez mil personas provenientes de muchos puntos del estado e incluso de entidades circunvecinos o no tanto, como los militantes o simpatizantes de Ad\u00e1n Augusto L\u00f3pez Hern\u00e1ndez, del \u201cvecino\u201d estado de Tabasco.<\/p>\n<p>Apueste y ganar\u00e1 que la dirigencia nacional de Morena va a manejar dos cifras, la pol\u00edtica para presumir a m\u00e1s de diez mil asistentes a la movilizaci\u00f3n para que siga la transformaci\u00f3n y la que reporte al INE -si es que lo hace- de cuando menos cinco mil personas.<\/p>\n<p>Usted podr\u00e1 decir que quien se ocupa de estas \u201cminucias\u201d es una persona muy fijada, pero no es as\u00ed, se trata que Morena como tal, o para ser m\u00e1s exactos sus dirigentes, viven y viven muy bien, de las jugosas partidas mensuales que por ley, eso s\u00ed, les otorga puntualmente el INE, que para este a\u00f1o llega a la \u201cmodesta\u201d cantidad, superior a los mil 800 millones de pesos.<\/p>\n<p>Ese es el compromiso de los \u201cmorenos\u201d, de rendir cuentas en forma transparente para que no sigan siendo como \u201clos de antes\u201d y que ahora \u201cya no es lo mismo\u201d. Si concluye que es mejor o peor ya ser\u00e1 cosa suya, que conste.<\/p>\n<p>Si para concentrar -conste que no le digo acarrear, a los simpatizantes, un autob\u00fas transporta en promedio unas 30 personas, estime cu\u00e1ntas unidades requirieron para llegar a\u00a0 las cinco mil o m\u00e1s que estuvieron frente al Teatro Morelos de Toluca y su costo.<\/p>\n<p><strong>MONREAL-.<\/strong> El aspirante inc\u00f3modo de Morena, David Monreal, es el \u00fanico de entre miles que ha dado al clavo: \u201cel de Toluca es un acto de precampa\u00f1a\u201d,\u00a0 \u00bfllegar\u00e1?<\/p>\n<p><em><a href=\"mailto:elefa44@gmail.com\" target=\"_blank\" rel=\"noopener noreferrer\">elefa44@gmail.com<\/a><\/em><\/p>\n","protected":false},"excerpt":{"rendered":"<p><span style=\"color: #005497;\"><strong>Eleazar Flores<\/strong><\/span><\/p>\n","protected":false},"author":3,"featured_media":0,"comment_status":"open","ping_status":"open","sticky":false,"template":"","format":"standard","meta":{"_monsterinsights_skip_tracking":false,"_monsterinsights_sitenote_active":false,"_monsterinsights_sitenote_note":"","_monsterinsights_sitenote_category":0,"footnotes":""},"categories":[81743],"tags":[81744,81776,43674],"class_list":["post-549902","post","type-post","status-publish","format-standard","hentry","category-eleazar-flores","tag-eleazar-flores","tag-espacio-electoral","tag-opinion"],"_links":{"self":[{"href":"https:\/\/www.diarioimagen.net\/index.php?rest_route=\/wp\/v2\/posts\/549902","targetHints":{"allow":["GET"]}}],"collection":[{"href":"https:\/\/www.diarioimagen.net\/index.php?rest_route=\/wp\/v2\/posts"}],"about":[{"href":"https:\/\/www.diarioimagen.net\/index.php?rest_route=\/wp\/v2\/types\/post"}],"author":[{"embeddable":true,"href":"https:\/\/www.diarioimagen.net\/index.php?rest_route=\/wp\/v2\/users\/3"}],"replies":[{"embeddable":true,"href":"https:\/\/www.diarioimagen.net\/index.php?rest_route=%2Fwp%2Fv2%2Fcomments&post=549902"}],"version-history":[{"count":0,"href":"https:\/\/www.diarioimagen.net\/index.php?rest_route=\/wp\/v2\/posts\/549902\/revisions"}],"wp:attachment":[{"href":"https:\/\/www.diarioimagen.net\/index.php?rest_route=%2Fwp%2Fv2%2Fmedia&parent=549902"}],"wp:term":[{"taxonomy":"category","embeddable":true,"href":"https:\/\/www.diarioimagen.net\/index.php?rest_route=%2Fwp%2Fv2%2Fcategories&post=549902"},{"taxonomy":"post_tag","embeddable":true,"href":"https:\/\/www.diarioimagen.net\/index.php?rest_route=%2Fwp%2Fv2%2Ftags&post=549902"}],"curies":[{"name":"wp","href":"https:\/\/api.w.org\/{rel}","templated":true}]}}