{"id":549986,"date":"2022-06-15T00:05:34","date_gmt":"2022-06-15T05:05:34","guid":{"rendered":"https:\/\/www.diarioimagen.net\/?p=549986"},"modified":"2022-06-15T21:52:39","modified_gmt":"2022-06-16T02:52:39","slug":"signaron-uaemex-y-ayuntamiento-de-toluca-convenio-para-desarrollo-del-parque-cultural-cerro-del-dios-tolo","status":"publish","type":"post","link":"https:\/\/www.diarioimagen.net\/?p=549986","title":{"rendered":"Signaron UAEM\u00e9x y Ayuntamiento de Toluca convenio para desarrollo del Parque Cultural Cerro del Dios Tolo"},"content":{"rendered":"<p>&nbsp;<\/p>\n<div id=\"attachment_550090\" style=\"width: 470px\" class=\"wp-caption aligncenter\"><img loading=\"lazy\" decoding=\"async\" aria-describedby=\"caption-attachment-550090\" class=\"size-full wp-image-550090\" src=\"https:\/\/www.diarioimagen.net\/wp-content\/uploads\/2022\/06\/uaem-2-3.jpg\" alt=\"\" width=\"460\" height=\"270\" \/><p id=\"caption-attachment-550090\" class=\"wp-caption-text\">Docentes, investigadores y estudiantes de la UAEM\u00e9x de las \u00e1reas de arqueolog\u00eda, arquitectura, estudios ambientales, artes y geograf\u00eda colaborar\u00e1n multidisciplinariamente en el desarrollo del Parque.<\/p><\/div>\n<p>&nbsp;<\/p>\n<p><strong>Toluca, Estado de M\u00e9xico.\u2014<\/strong> El rector de la Universidad Aut\u00f3noma del Estado de M\u00e9xico (UAEM\u00e9x), Carlos Eduardo Barrera D\u00edaz, y el presidente municipal de Toluca, Raymundo Mart\u00ednez Carbajal, signaron el convenio de colaboraci\u00f3n para el desarrollo del Parque Cultural Cerro del Dios Tolo.<\/p>\n<p>En el cerro, donde se encuentra el sitio arqueol\u00f3gico en el que los matlatzincas veneraron a la deidad que da nombre a la capital mexiquense, el rector adelant\u00f3 que docentes, investigadores y estudiantes de la UAEM\u00e9x de las \u00e1reas de arqueolog\u00eda, arquitectura, estudios ambientales, artes y geograf\u00eda colaborar\u00e1n multidisciplinariamente en el desarrollo del Parque, brindando asesor\u00eda en las diversas \u00e1reas del proyecto.<\/p>\n<p>Ante la secretaria de Difusi\u00f3n Cultural de la UAEM, Mar\u00eda de las Mercedes Portilla Luja, y los arque\u00f3logos Rosa Guadalupe de la Pe\u00f1a Virchez y Ricardo Jaramillo Luque detall\u00f3 que adicionalmente, la experiencia permitir\u00e1 generar nuevo conocimiento en esas \u00e1reas, que bien podr\u00e1 difundirse en publicaciones de corte acad\u00e9mico o divulgaci\u00f3n cient\u00edfica, de tal modo que sea de utilidad tanto para las comunidades de especialistas como para la sociedad en general.<\/p>\n<p>\u201cY lo m\u00e1s importante, ayuntamiento y universidad estaremos contribuyendo en beneficio de la sociedad mexiquense, aportando un espacio arqueol\u00f3gico, ecol\u00f3gico y recreativo que seguramente abonar\u00e1 al desarrollo social y cultural de la capital mexiquense y a la construcci\u00f3n de una cultura de paz\u201d, sostuvo Carlos Eduardo Barrera D\u00edaz.<\/p>\n<p>En su oportunidad, el alcalde afirm\u00f3 que \u201cesta alianza Ayuntamiento-Universidad, a quienes somos universitarios nos enorgullece por s\u00ed misma, pero en particular tiene un car\u00e1cter muy promisorio porque, como nunca, tenemos un prop\u00f3sito extraordinario en el trabajo que se est\u00e1 realizado, porque estamos seguros de que los hallazgos van a contribuir de manera determinante para conocer la jerarqu\u00eda del dios Tolo y el tipo de culto que se le rend\u00eda\u201d.<\/p>\n<p>Hay un hueco en la historia, abund\u00f3, y esta alianza nos va a permitir, en breve, tener resultados extraordinarios y contar con una aportaci\u00f3n importante en la b\u00fasqueda de la identidad de nuestra ciudad.<\/p>\n<p>Precis\u00f3 que la capital mexiquense cuenta con m\u00e1s de 126 sitios arqueol\u00f3gicos, muchos de ellos perdidos por el crecimiento desmedido de la mancha urbana. En el Cerro del Dios Tolo, dijo, tenemos una joya arqueol\u00f3gica extraordinaria, un referente de la historia y la identidad de Toluca.<\/p>\n<p>Finalmente, detall\u00f3 que el pr\u00f3ximo 20 de junio iniciar\u00e1n trabajos de excavaci\u00f3n estudiantes de la Licenciatura en Arqueolog\u00eda del Centro Universitario Tenancingo de la Aut\u00f3noma mexiquense, arrancando esta etapa de colaboraci\u00f3n con la UAEM, \u201cque ser\u00e1 punta de lanza de un trabajo extraordinario\u201d.<\/p>\n","protected":false},"excerpt":{"rendered":"<p>El rector de la Universidad Aut\u00f3noma del Estado de M\u00e9xico (UAEM\u00e9x), Carlos Eduardo Barrera D\u00edaz, y el presidente municipal de Toluca, Raymundo Mart\u00ednez Carbajal, signaron el convenio de colaboraci\u00f3n para el desarrollo del Parque Cultural Cerro del Dios Tolo.<\/p>\n","protected":false},"author":3,"featured_media":550090,"comment_status":"open","ping_status":"open","sticky":false,"template":"","format":"standard","meta":{"_monsterinsights_skip_tracking":false,"_monsterinsights_sitenote_active":false,"_monsterinsights_sitenote_note":"","_monsterinsights_sitenote_category":0,"footnotes":""},"categories":[5],"tags":[92667,43675,95721,452,67878],"class_list":["post-549986","post","type-post","status-publish","format-standard","has-post-thumbnail","hentry","category-estado-de-mexico","tag-carlos-eduardo-barrera-diaz","tag-estado-de-mexico","tag-parque-cultural-cerro-del-dios-tolo","tag-toluca","tag-uaemex"],"_links":{"self":[{"href":"https:\/\/www.diarioimagen.net\/index.php?rest_route=\/wp\/v2\/posts\/549986","targetHints":{"allow":["GET"]}}],"collection":[{"href":"https:\/\/www.diarioimagen.net\/index.php?rest_route=\/wp\/v2\/posts"}],"about":[{"href":"https:\/\/www.diarioimagen.net\/index.php?rest_route=\/wp\/v2\/types\/post"}],"author":[{"embeddable":true,"href":"https:\/\/www.diarioimagen.net\/index.php?rest_route=\/wp\/v2\/users\/3"}],"replies":[{"embeddable":true,"href":"https:\/\/www.diarioimagen.net\/index.php?rest_route=%2Fwp%2Fv2%2Fcomments&post=549986"}],"version-history":[{"count":0,"href":"https:\/\/www.diarioimagen.net\/index.php?rest_route=\/wp\/v2\/posts\/549986\/revisions"}],"wp:featuredmedia":[{"embeddable":true,"href":"https:\/\/www.diarioimagen.net\/index.php?rest_route=\/wp\/v2\/media\/550090"}],"wp:attachment":[{"href":"https:\/\/www.diarioimagen.net\/index.php?rest_route=%2Fwp%2Fv2%2Fmedia&parent=549986"}],"wp:term":[{"taxonomy":"category","embeddable":true,"href":"https:\/\/www.diarioimagen.net\/index.php?rest_route=%2Fwp%2Fv2%2Fcategories&post=549986"},{"taxonomy":"post_tag","embeddable":true,"href":"https:\/\/www.diarioimagen.net\/index.php?rest_route=%2Fwp%2Fv2%2Ftags&post=549986"}],"curies":[{"name":"wp","href":"https:\/\/api.w.org\/{rel}","templated":true}]}}