{"id":550004,"date":"2022-06-15T00:02:17","date_gmt":"2022-06-15T05:02:17","guid":{"rendered":"https:\/\/www.diarioimagen.net\/?p=550004"},"modified":"2022-06-15T00:50:14","modified_gmt":"2022-06-15T05:50:14","slug":"el-prd-mexiquense-definira-si-vamos-en-alianza-o-no-dice-octavio-martinez","status":"publish","type":"post","link":"https:\/\/www.diarioimagen.net\/?p=550004","title":{"rendered":"El PRD mexiquense definir\u00e1 si vamos en alianza o no, dice Octavio Mart\u00ednez"},"content":{"rendered":"<p>&nbsp;<\/p>\n<ul>\n<li><strong><em>La decisi\u00f3n corresponde al consejo estatal<\/em><\/strong><\/li>\n<\/ul>\n<p>&nbsp;<\/p>\n<h6>Arturo Baena<\/h6>\n<p>&nbsp;<\/p>\n<div id=\"attachment_550116\" style=\"width: 470px\" class=\"wp-caption aligncenter\"><img loading=\"lazy\" decoding=\"async\" aria-describedby=\"caption-attachment-550116\" class=\"size-full wp-image-550116\" src=\"https:\/\/www.diarioimagen.net\/wp-content\/uploads\/2022\/06\/ecatepec.jpg\" alt=\"\" width=\"460\" height=\"270\" \/><p id=\"caption-attachment-550116\" class=\"wp-caption-text\">Octavio Mart\u00ednez Vargas, representante del PRD ante la Comisi\u00f3n Nacional de Vigilancia del Instituto Nacional Electoral.<\/p><\/div>\n<p>&nbsp;<\/p>\n<p><strong>Ecatepec, Estado de M\u00e9xico.\u2014<\/strong> El PRD mexiquense ser\u00e1 quien decida si va a la coalici\u00f3n o no en esta entidad, y no es la direcci\u00f3n nacional del partido. Nuestros estatutos establecen que corresponde al Consejo Estatal del PRD definir la estrategia de alianzas.<\/p>\n<p>Afirm\u00f3 lo anterior Octavio Mart\u00ednez Vargas, representante de ese partido pol\u00edtico ante la Comisi\u00f3n Nacional de Vigilancia del Instituto Nacional Electoral.<\/p>\n<p>El tambi\u00e9n consejero nacional del sol azteca, Mart\u00ednez Vargas aclar\u00f3 que, al Comit\u00e9 Ejecutivo Nacional le corresponde, ratificar o modificar, con la votaci\u00f3n a favor de las dos terceras partes de sus integrantes \u201cpero tendr\u00e1 que resolver primero el Consejo Estatal\u201d.<\/p>\n<p>Llam\u00f3 a la serenidad al Comit\u00e9 Ejecutivo Nacional (CEN) del PRD y\u00a0 a su presidente, Jes\u00fas Zambrano, para que se haga un diagn\u00f3stico del pasado proceso electoral que se efectu\u00f3 en seis entidades federativas, ya que en cuatro de ellas el PRD perdi\u00f3 el registro, asever\u00f3.<\/p>\n<p>Refiri\u00f3 que \u201cen caso de que se haga la coalici\u00f3n, tanto en el PRI, como en el PAN y en el PRD deber\u00e1n de respetarse acuerdos pol\u00edticos\u201d.<\/p>\n<p>De la misma manera, manifest\u00f3 que deber\u00eda de haber flexibilidad para postular al mejor hombre o mujer que garantice el triunfo, pertenezca o no a estos partidos pol\u00edticos.<\/p>\n<p>Tambi\u00e9n conmin\u00f3 al partido de Movimiento Ciudadano (MC) para que se integre a la coalici\u00f3n a construir un programa de gobierno de coalici\u00f3n y establecer criterios para definir candidato a gobernador o gobernadora.<\/p>\n","protected":false},"excerpt":{"rendered":"<p>El PRD mexiquense ser\u00e1 quien decida si va a la coalici\u00f3n o no en esta entidad, y no es la direcci\u00f3n nacional del partido. Nuestros estatutos establecen que corresponde al Consejo Estatal del PRD definir la estrategia de alianzas.<\/p>\n","protected":false},"author":3,"featured_media":550116,"comment_status":"open","ping_status":"open","sticky":false,"template":"","format":"standard","meta":{"_monsterinsights_skip_tracking":false,"_monsterinsights_sitenote_active":false,"_monsterinsights_sitenote_note":"","_monsterinsights_sitenote_category":0,"footnotes":""},"categories":[5],"tags":[15455,454,64146,43675,211],"class_list":["post-550004","post","type-post","status-publish","format-standard","has-post-thumbnail","hentry","category-estado-de-mexico","tag-coalicion","tag-ecatepec","tag-entidad","tag-estado-de-mexico","tag-prd"],"_links":{"self":[{"href":"https:\/\/www.diarioimagen.net\/index.php?rest_route=\/wp\/v2\/posts\/550004","targetHints":{"allow":["GET"]}}],"collection":[{"href":"https:\/\/www.diarioimagen.net\/index.php?rest_route=\/wp\/v2\/posts"}],"about":[{"href":"https:\/\/www.diarioimagen.net\/index.php?rest_route=\/wp\/v2\/types\/post"}],"author":[{"embeddable":true,"href":"https:\/\/www.diarioimagen.net\/index.php?rest_route=\/wp\/v2\/users\/3"}],"replies":[{"embeddable":true,"href":"https:\/\/www.diarioimagen.net\/index.php?rest_route=%2Fwp%2Fv2%2Fcomments&post=550004"}],"version-history":[{"count":0,"href":"https:\/\/www.diarioimagen.net\/index.php?rest_route=\/wp\/v2\/posts\/550004\/revisions"}],"wp:featuredmedia":[{"embeddable":true,"href":"https:\/\/www.diarioimagen.net\/index.php?rest_route=\/wp\/v2\/media\/550116"}],"wp:attachment":[{"href":"https:\/\/www.diarioimagen.net\/index.php?rest_route=%2Fwp%2Fv2%2Fmedia&parent=550004"}],"wp:term":[{"taxonomy":"category","embeddable":true,"href":"https:\/\/www.diarioimagen.net\/index.php?rest_route=%2Fwp%2Fv2%2Fcategories&post=550004"},{"taxonomy":"post_tag","embeddable":true,"href":"https:\/\/www.diarioimagen.net\/index.php?rest_route=%2Fwp%2Fv2%2Ftags&post=550004"}],"curies":[{"name":"wp","href":"https:\/\/api.w.org\/{rel}","templated":true}]}}