{"id":550006,"date":"2022-06-15T00:04:58","date_gmt":"2022-06-15T05:04:58","guid":{"rendered":"https:\/\/www.diarioimagen.net\/?p=550006"},"modified":"2022-06-15T00:48:59","modified_gmt":"2022-06-15T05:48:59","slug":"morena-va-por-el-estado-de-mexico-asegura-militancia-del-partido-guinda","status":"publish","type":"post","link":"https:\/\/www.diarioimagen.net\/?p=550006","title":{"rendered":"Morena va por el Estado de M\u00e9xico, asegura militancia del partido guinda"},"content":{"rendered":"<p>&nbsp;<\/p>\n<ul>\n<li><strong><em>Compromiso de seguir luchando por un cambio<\/em><\/strong><\/li>\n<\/ul>\n<p>&nbsp;<\/p>\n<div id=\"attachment_550112\" style=\"width: 470px\" class=\"wp-caption aligncenter\"><img loading=\"lazy\" decoding=\"async\" aria-describedby=\"caption-attachment-550112\" class=\"size-full wp-image-550112\" src=\"https:\/\/www.diarioimagen.net\/wp-content\/uploads\/2022\/06\/toluca-morena.jpg\" alt=\"\" width=\"460\" height=\"270\" \/><p id=\"caption-attachment-550112\" class=\"wp-caption-text\">Dirigentes y militantes de Morena reiteraron su compromiso de seguir luchando por un cambio verdadero en el Estado de M\u00e9xico.<\/p><\/div>\n<p>&nbsp;<\/p>\n<p><strong>Toluca, Estado de M\u00e9xico.\u2014<\/strong> Reunidos en la explanada del Teatro Morelos de esa ciudad capital, miles de simpatizantes, militantes y seguidores, de Morena, reiteraron su compromiso de seguir luchando por un cambio verdadero en el Estado de M\u00e9xico.<\/p>\n<p>Al t\u00e9rmino del evento, Eduardo Gerrero, militante y l\u00edder social en Morena, asegur\u00f3 que su partido est\u00e1 m\u00e1s fuerte y consolidado que nunca, \u201cvamos a ganar la gubernatura del Estado de M\u00e9xico el pr\u00f3ximo a\u00f1o, lo que nos permitir\u00e1 seguir caminando con la ciudadan\u00eda\u201d.<\/p>\n<p>El liderazgo del presidente de M\u00e9xico, Andr\u00e9s Manuel L\u00f3pez Obrador, y el respaldo de la gente ha permitido que, en 8 a\u00f1os, desde su formaci\u00f3n, Morena crezca y viva un momento hist\u00f3rico, asever\u00f3.<\/p>\n<p>\u201cNuestro movimiento avanza en la revoluci\u00f3n de las conciencias, en 8 a\u00f1os, hemos ganado la presidencia de M\u00e9xico, la mayor\u00eda en la C\u00e1mara de Diputados, en el Senado de la Rep\u00fablica y Congresos locales, as\u00ed mismo, hoy gobernamos 22 estados del pa\u00eds\u201d, record\u00f3.<\/p>\n<p>Detall\u00f3 que, gracias al trabajo decidido del presidente del Comit\u00e9 Ejecutivo Nacional, Mario Delgado, la cuarta transformaci\u00f3n avanza a pasos agigantados, hoy nadie nos para, puntualiz\u00f3.<\/p>\n<p>El tambi\u00e9n ex s\u00edndico en el municipio de Tlalnepantla, dijo que con m\u00e1s de 5 a\u00f1os militando en Morena, tienen bien claro que lo m\u00e1s importante es que ning\u00fan inter\u00e9s personal debe estar por encima del bienestar del pueblo de M\u00e9xico.<\/p>\n","protected":false},"excerpt":{"rendered":"<p>Reunidos en la explanada del Teatro Morelos de esa ciudad capital, miles de simpatizantes, militantes y seguidores, de Morena, reiteraron su compromiso de seguir luchando por un cambio verdadero en el Estado de M\u00e9xico.<\/p>\n","protected":false},"author":3,"featured_media":550112,"comment_status":"open","ping_status":"open","sticky":false,"template":"","format":"standard","meta":{"_monsterinsights_skip_tracking":false,"_monsterinsights_sitenote_active":false,"_monsterinsights_sitenote_note":"","_monsterinsights_sitenote_category":0,"footnotes":""},"categories":[5],"tags":[43675,20663,95726,10760,452],"class_list":["post-550006","post","type-post","status-publish","format-standard","has-post-thumbnail","hentry","category-estado-de-mexico","tag-estado-de-mexico","tag-morena","tag-partido-guinda","tag-teatro-morelos","tag-toluca"],"_links":{"self":[{"href":"https:\/\/www.diarioimagen.net\/index.php?rest_route=\/wp\/v2\/posts\/550006","targetHints":{"allow":["GET"]}}],"collection":[{"href":"https:\/\/www.diarioimagen.net\/index.php?rest_route=\/wp\/v2\/posts"}],"about":[{"href":"https:\/\/www.diarioimagen.net\/index.php?rest_route=\/wp\/v2\/types\/post"}],"author":[{"embeddable":true,"href":"https:\/\/www.diarioimagen.net\/index.php?rest_route=\/wp\/v2\/users\/3"}],"replies":[{"embeddable":true,"href":"https:\/\/www.diarioimagen.net\/index.php?rest_route=%2Fwp%2Fv2%2Fcomments&post=550006"}],"version-history":[{"count":0,"href":"https:\/\/www.diarioimagen.net\/index.php?rest_route=\/wp\/v2\/posts\/550006\/revisions"}],"wp:featuredmedia":[{"embeddable":true,"href":"https:\/\/www.diarioimagen.net\/index.php?rest_route=\/wp\/v2\/media\/550112"}],"wp:attachment":[{"href":"https:\/\/www.diarioimagen.net\/index.php?rest_route=%2Fwp%2Fv2%2Fmedia&parent=550006"}],"wp:term":[{"taxonomy":"category","embeddable":true,"href":"https:\/\/www.diarioimagen.net\/index.php?rest_route=%2Fwp%2Fv2%2Fcategories&post=550006"},{"taxonomy":"post_tag","embeddable":true,"href":"https:\/\/www.diarioimagen.net\/index.php?rest_route=%2Fwp%2Fv2%2Ftags&post=550006"}],"curies":[{"name":"wp","href":"https:\/\/api.w.org\/{rel}","templated":true}]}}