{"id":550009,"date":"2022-06-15T00:03:42","date_gmt":"2022-06-15T05:03:42","guid":{"rendered":"https:\/\/www.diarioimagen.net\/?p=550009"},"modified":"2022-06-15T00:49:36","modified_gmt":"2022-06-15T05:49:36","slug":"en-el-pvem-si-hay-cuadros-comprometidos-alberto-couttolenc-lider-estatal","status":"publish","type":"post","link":"https:\/\/www.diarioimagen.net\/?p=550009","title":{"rendered":"En el PVEM s\u00ed hay cuadros comprometidos: Alberto Couttolenc, l\u00edder estatal"},"content":{"rendered":"<p>&nbsp;<\/p>\n<p><img loading=\"lazy\" decoding=\"async\" class=\"aligncenter size-full wp-image-550114\" src=\"https:\/\/www.diarioimagen.net\/wp-content\/uploads\/2022\/06\/amecameca.jpg\" alt=\"\" width=\"460\" height=\"270\" \/><\/p>\n<p>&nbsp;<\/p>\n<p><strong>Amecameca, Estado de M\u00e9xico.\u2014<\/strong> En un evento que reuni\u00f3 a m\u00e1s de mil mujeres en esta localidad, el dirigente estatal del Partido Verde Ecologista de M\u00e9xico (PVEM) en el Estado de M\u00e9xico, Jos\u00e9 Alberto Couttolenc, afirm\u00f3 que en el partido existen cuadros pol\u00edticos comprometidos y quienes, a trav\u00e9s de la gesti\u00f3n, han ayudado de forma extraordinaria a los ciudadanos.<\/p>\n<p>El l\u00edder estatal destac\u00f3 que la labor que ha realizado el doctor Mario Aguilar como delegado municipal, \u201ces por mucho ejemplar, estuvimos buscando un perfil que pudiera encabezar un buen proyecto y lo encontramos en Mario, pues no existen partidos buenos o malos sino son las personas quienes encabezan los partidos quienes los hacen buenos o los hacen malos\u201d.<\/p>\n","protected":false},"excerpt":{"rendered":"<p>En un evento que reuni\u00f3 a m\u00e1s de mil mujeres en esta localidad, el dirigente estatal del Partido Verde Ecologista de M\u00e9xico (PVEM) en el Estado de M\u00e9xico, Jos\u00e9 Alberto Couttolenc, afirm\u00f3 que en el partido existen cuadros pol\u00edticos comprometidos y quienes, a trav\u00e9s de la gesti\u00f3n, han ayudado de forma extraordinaria a los ciudadanos.<\/p>\n","protected":false},"author":3,"featured_media":550114,"comment_status":"open","ping_status":"open","sticky":false,"template":"","format":"standard","meta":{"_monsterinsights_skip_tracking":false,"_monsterinsights_sitenote_active":false,"_monsterinsights_sitenote_note":"","_monsterinsights_sitenote_category":0,"footnotes":""},"categories":[5],"tags":[5055,95729,95728,43675,95666,19969],"class_list":["post-550009","post","type-post","status-publish","format-standard","has-post-thumbnail","hentry","category-estado-de-mexico","tag-amecameca","tag-comprometidos","tag-cuadros","tag-estado-de-mexico","tag-jose-alberto-couttolenc-buentello","tag-lider"],"_links":{"self":[{"href":"https:\/\/www.diarioimagen.net\/index.php?rest_route=\/wp\/v2\/posts\/550009","targetHints":{"allow":["GET"]}}],"collection":[{"href":"https:\/\/www.diarioimagen.net\/index.php?rest_route=\/wp\/v2\/posts"}],"about":[{"href":"https:\/\/www.diarioimagen.net\/index.php?rest_route=\/wp\/v2\/types\/post"}],"author":[{"embeddable":true,"href":"https:\/\/www.diarioimagen.net\/index.php?rest_route=\/wp\/v2\/users\/3"}],"replies":[{"embeddable":true,"href":"https:\/\/www.diarioimagen.net\/index.php?rest_route=%2Fwp%2Fv2%2Fcomments&post=550009"}],"version-history":[{"count":0,"href":"https:\/\/www.diarioimagen.net\/index.php?rest_route=\/wp\/v2\/posts\/550009\/revisions"}],"wp:featuredmedia":[{"embeddable":true,"href":"https:\/\/www.diarioimagen.net\/index.php?rest_route=\/wp\/v2\/media\/550114"}],"wp:attachment":[{"href":"https:\/\/www.diarioimagen.net\/index.php?rest_route=%2Fwp%2Fv2%2Fmedia&parent=550009"}],"wp:term":[{"taxonomy":"category","embeddable":true,"href":"https:\/\/www.diarioimagen.net\/index.php?rest_route=%2Fwp%2Fv2%2Fcategories&post=550009"},{"taxonomy":"post_tag","embeddable":true,"href":"https:\/\/www.diarioimagen.net\/index.php?rest_route=%2Fwp%2Fv2%2Ftags&post=550009"}],"curies":[{"name":"wp","href":"https:\/\/api.w.org\/{rel}","templated":true}]}}